{"id":3935,"date":"2023-02-23T11:55:11","date_gmt":"2023-02-23T11:55:11","guid":{"rendered":"https:\/\/ciclesformatius.es\/carnaval-en-el-cfgm-de-peluqueria-y-cosmetica-capilar\/"},"modified":"2025-10-15T08:14:47","modified_gmt":"2025-10-15T08:14:47","slug":"carnaval-en-el-cfgm-de-peluqueria-y-cosmetica-capilar","status":"publish","type":"post","link":"https:\/\/ciclesformatius.es\/es\/carnaval-en-el-cfgm-de-peluqueria-y-cosmetica-capilar\/","title":{"rendered":"Carnaval en el CFGM de Peluquer\u00eda y Cosm\u00e9tica Capilar"},"content":{"rendered":"\n<p>La asignatura de Cr\u00e9dito de S\u00edntesis que realizan los alumnos de 2\u00ba del <strong><a href=\"https:\/\/ciclesformatius.es\/es\/ciclos-formativos-imagen\/cfgm-peluqueria-y-cosmetica-capilar\/\">CFGM de Perruqueria i Cosm\u00e8tica Capil\u00b7lar<\/a><\/strong>, est\u00e1 formada por diferentes proyectos donde los alumnos demuestran los conocimientos adquiridos durante los dos a\u00f1os del ciclo. Adem\u00e1s, se potencia la creatividad mediante proyectos que los alumnos tienen muy a menudo. Un ejemplo fue el proyecto de Carnaval.  <\/p>\n\n\n\n<p>En este proyecto, el alumnado tiene que crear un <strong>personaje desde cero<\/strong>. Este personaje tiene que tener una historia detr\u00e1s, que los alumnos se tienen que imaginar. Todo esto lo explican a trav\u00e9s de la imagen, tanto en el \u00e1mbito de la peluquer\u00eda, maquillaje o postizos, como con el vestuario. El objetivo es conseguir que, con todos estos elementos, el personaje lo explique suela.   <\/p>\n\n\n\n<p>Los alumnos expresan historias, sentimientos y vivencias a trav\u00e9s de los personajes, siente tambi\u00e9n un ejercicio de inteligencia emocional. Lo pueden hacer a trav\u00e9s del mismo maquillaje, el vestuario y, incluso, con los olores. <\/p>\n\n\n\n<p><strong>Este a\u00f1o, nuestro alumnado nos ha sorprendido con estas historias incre\u00edbles!<\/strong> Os dejamos cinco ejemplos donde pod\u00e9is ver hasta donde puede llegar la imaginaci\u00f3n y la creatividad.<\/p>\n\n\n\n<figure class=\"wp-block-gallery has-nested-images columns-default is-cropped wp-block-gallery-1 is-layout-flex wp-block-gallery-is-layout-flex\">\n<figure class=\"wp-block-image size-large\"><img fetchpriority=\"high\" decoding=\"async\" width=\"1024\" height=\"1024\" data-id=\"1712\" src=\"https:\/\/ciclesformatius.es\/wp-content\/uploads\/2023\/02\/cfgm-perruqueria-cosmetica-capilar-2-1024x1024.png\" alt=\"CFGM de Peluquer\u00eda y Cosm\u00e9tica Capilar\" class=\"wp-image-1712\" srcset=\"https:\/\/ciclesformatius.es\/wp-content\/uploads\/2023\/02\/cfgm-perruqueria-cosmetica-capilar-2-1024x1024.png 1024w, https:\/\/ciclesformatius.es\/wp-content\/uploads\/2023\/02\/cfgm-perruqueria-cosmetica-capilar-2-300x300.png 300w, https:\/\/ciclesformatius.es\/wp-content\/uploads\/2023\/02\/cfgm-perruqueria-cosmetica-capilar-2-150x150.png 150w, https:\/\/ciclesformatius.es\/wp-content\/uploads\/2023\/02\/cfgm-perruqueria-cosmetica-capilar-2-768x768.png 768w, https:\/\/ciclesformatius.es\/wp-content\/uploads\/2023\/02\/cfgm-perruqueria-cosmetica-capilar-2.png 1080w\" sizes=\"(max-width: 1024px) 100vw, 1024px\" \/><\/figure>\n\n\n\n<figure class=\"wp-block-image size-large\"><img decoding=\"async\" width=\"1024\" height=\"1024\" data-id=\"1714\" src=\"https:\/\/ciclesformatius.es\/wp-content\/uploads\/2023\/02\/cfgm-perruqueria-cosmetica-capilar-3-1024x1024.png\" alt=\"CFGM de Peluquer\u00eda y Cosm\u00e9tica Capilar\" class=\"wp-image-1714\" srcset=\"https:\/\/ciclesformatius.es\/wp-content\/uploads\/2023\/02\/cfgm-perruqueria-cosmetica-capilar-3-1024x1024.png 1024w, https:\/\/ciclesformatius.es\/wp-content\/uploads\/2023\/02\/cfgm-perruqueria-cosmetica-capilar-3-300x300.png 300w, https:\/\/ciclesformatius.es\/wp-content\/uploads\/2023\/02\/cfgm-perruqueria-cosmetica-capilar-3-150x150.png 150w, https:\/\/ciclesformatius.es\/wp-content\/uploads\/2023\/02\/cfgm-perruqueria-cosmetica-capilar-3-768x768.png 768w, https:\/\/ciclesformatius.es\/wp-content\/uploads\/2023\/02\/cfgm-perruqueria-cosmetica-capilar-3.png 1080w\" sizes=\"(max-width: 1024px) 100vw, 1024px\" \/><\/figure>\n\n\n\n<figure class=\"wp-block-image size-large\"><img decoding=\"async\" width=\"1024\" height=\"1024\" data-id=\"1715\" src=\"https:\/\/ciclesformatius.es\/wp-content\/uploads\/2023\/02\/cfgm-perruqueria-cosmetica-capilar-4-1024x1024.png\" alt=\"CFGM de Peluquer\u00eda y Cosm\u00e9tica Capilar\" class=\"wp-image-1715\" srcset=\"https:\/\/ciclesformatius.es\/wp-content\/uploads\/2023\/02\/cfgm-perruqueria-cosmetica-capilar-4-1024x1024.png 1024w, https:\/\/ciclesformatius.es\/wp-content\/uploads\/2023\/02\/cfgm-perruqueria-cosmetica-capilar-4-300x300.png 300w, https:\/\/ciclesformatius.es\/wp-content\/uploads\/2023\/02\/cfgm-perruqueria-cosmetica-capilar-4-150x150.png 150w, https:\/\/ciclesformatius.es\/wp-content\/uploads\/2023\/02\/cfgm-perruqueria-cosmetica-capilar-4-768x768.png 768w, https:\/\/ciclesformatius.es\/wp-content\/uploads\/2023\/02\/cfgm-perruqueria-cosmetica-capilar-4.png 1080w\" sizes=\"(max-width: 1024px) 100vw, 1024px\" \/><\/figure>\n\n\n\n<figure class=\"wp-block-image size-large\"><img loading=\"lazy\" decoding=\"async\" width=\"1024\" height=\"1024\" data-id=\"1711\" src=\"https:\/\/ciclesformatius.es\/wp-content\/uploads\/2023\/02\/cfgm-perruqueria-cosmetica-capilar-1-1024x1024.png\" alt=\"CFGM de Peluquer\u00eda y Cosm\u00e9tica Capilar\" class=\"wp-image-1711\" srcset=\"https:\/\/ciclesformatius.es\/wp-content\/uploads\/2023\/02\/cfgm-perruqueria-cosmetica-capilar-1-1024x1024.png 1024w, https:\/\/ciclesformatius.es\/wp-content\/uploads\/2023\/02\/cfgm-perruqueria-cosmetica-capilar-1-300x300.png 300w, https:\/\/ciclesformatius.es\/wp-content\/uploads\/2023\/02\/cfgm-perruqueria-cosmetica-capilar-1-150x150.png 150w, https:\/\/ciclesformatius.es\/wp-content\/uploads\/2023\/02\/cfgm-perruqueria-cosmetica-capilar-1-768x768.png 768w, https:\/\/ciclesformatius.es\/wp-content\/uploads\/2023\/02\/cfgm-perruqueria-cosmetica-capilar-1.png 1080w\" sizes=\"(max-width: 1024px) 100vw, 1024px\" \/><\/figure>\n\n\n\n<figure class=\"wp-block-image size-large\"><img loading=\"lazy\" decoding=\"async\" width=\"1024\" height=\"1024\" data-id=\"1713\" src=\"https:\/\/ciclesformatius.es\/wp-content\/uploads\/2023\/02\/cfgm-perruqueria-cosmetica-capilar-5-1024x1024.png\" alt=\"CFGM de Peluquer\u00eda y Cosm\u00e9tica Capilar\" class=\"wp-image-1713\" srcset=\"https:\/\/ciclesformatius.es\/wp-content\/uploads\/2023\/02\/cfgm-perruqueria-cosmetica-capilar-5-1024x1024.png 1024w, https:\/\/ciclesformatius.es\/wp-content\/uploads\/2023\/02\/cfgm-perruqueria-cosmetica-capilar-5-300x300.png 300w, https:\/\/ciclesformatius.es\/wp-content\/uploads\/2023\/02\/cfgm-perruqueria-cosmetica-capilar-5-150x150.png 150w, https:\/\/ciclesformatius.es\/wp-content\/uploads\/2023\/02\/cfgm-perruqueria-cosmetica-capilar-5-768x768.png 768w, https:\/\/ciclesformatius.es\/wp-content\/uploads\/2023\/02\/cfgm-perruqueria-cosmetica-capilar-5.png 1080w\" sizes=\"(max-width: 1024px) 100vw, 1024px\" \/><\/figure>\n<\/figure>\n\n\n\n<p>En el Balmes creemos que aprender es cuesti\u00f3n de pr\u00e1ctica. Por este motivo, enfocamos las clases a ejemplos de la realidad que har\u00e1n que aprendas de una manera muy participativa y creativa. De este modo, el alumnado consigue asimilar todos los objetivos de aprendizaje bas\u00e1ndose en experiencias y proyectos personales.  <\/p>\n\n\n\n<p>Pod\u00e9is ver m\u00e1s trabajos de nuestro alumnado de <a href=\"https:\/\/ciclesformatius.es\/es\/ciclos-formativos-imagen\/\">Imatge Personal<\/a> del CFGM de Peluquer\u00eda y Cosm\u00e9tica Capilar o de otros ciclos en la web de<strong> <a href=\"http:\/\/balmesimage.com\" target=\"_blank\" rel=\"noreferrer noopener\">Balmes Image<\/a><\/strong> o en sus redes sociales:<\/p>\n\n\n\n<ul class=\"wp-block-list\">\n<li><a href=\"https:\/\/www.instagram.com\/balmesimage\/\"><strong>Instagram<\/strong><\/a><\/li>\n\n\n\n<li><a href=\"https:\/\/www.tiktok.com\/@balmesimage?lang=es\"><strong>TikTok<\/strong><\/a><\/li>\n<\/ul>\n","protected":false},"excerpt":{"rendered":"<p>La asignatura de Cr\u00e9dito de S\u00edntesis que realizan los alumnos de 2\u00ba del CFGM de Perruqueria i Cosm\u00e8tica Capil\u00b7lar, est\u00e1 formada por diferentes proyectos donde los alumnos demuestran los conocimientos adquiridos durante los dos a\u00f1os del ciclo. Adem\u00e1s, se potencia la creatividad mediante proyectos que los alumnos tienen muy a menudo. Un ejemplo fue el &#8230; <a title=\"Carnaval en el CFGM de Peluquer\u00eda y Cosm\u00e9tica Capilar\" class=\"read-more\" href=\"https:\/\/ciclesformatius.es\/es\/carnaval-en-el-cfgm-de-peluqueria-y-cosmetica-capilar\/\" aria-label=\"Leer m\u00e1s sobre Carnaval en el CFGM de Peluquer\u00eda y Cosm\u00e9tica Capilar\">Leer m\u00e1s<\/a><\/p>\n","protected":false},"author":2,"featured_media":3599,"comment_status":"open","ping_status":"open","sticky":false,"template":"","format":"standard","meta":{"inline_featured_image":false,"footnotes":""},"categories":[38],"tags":[35,33,34,46],"class_list":["post-3935","post","type-post","status-publish","format-standard","has-post-thumbnail","hentry","category-imagen-personal","tag-balmesciclos","tag-formacion-profesional","tag-fpbalmes-es","tag-peluqueria-es-2"],"yoast_head":"<!-- This site is optimized with the Yoast SEO plugin v27.4 - https:\/\/yoast.com\/product\/yoast-seo-wordpress\/ -->\n<title>CFGM de Peluquer\u00eda y Cosm\u00e9tica Capilar<\/title>\n<meta name=\"description\" content=\"Vive el Carnaval con el alumnado del CFGM de Peluquer\u00eda y Cosm\u00e9tica capilar\" \/>\n<meta name=\"robots\" content=\"index, follow, max-snippet:-1, max-image-preview:large, max-video-preview:-1\" \/>\n<link rel=\"canonical\" href=\"https:\/\/ciclesformatius.es\/es\/carnaval-en-el-cfgm-de-peluqueria-y-cosmetica-capilar\/\" \/>\n<meta property=\"og:locale\" content=\"es_ES\" \/>\n<meta property=\"og:type\" content=\"article\" \/>\n<meta property=\"og:title\" content=\"CFGM de Peluquer\u00eda y Cosm\u00e9tica Capilar\" \/>\n<meta property=\"og:description\" content=\"Vive el Carnaval con el alumnado del CFGM de Peluquer\u00eda y Cosm\u00e9tica capilar\" \/>\n<meta property=\"og:url\" content=\"https:\/\/ciclesformatius.es\/es\/carnaval-en-el-cfgm-de-peluqueria-y-cosmetica-capilar\/\" \/>\n<meta property=\"og:site_name\" content=\"Cicles Formatius Jaume Balmes\" \/>\n<meta property=\"article:publisher\" content=\"https:\/\/www.facebook.com\/cejaumebalmes\" \/>\n<meta property=\"article:published_time\" content=\"2023-02-23T11:55:11+00:00\" \/>\n<meta property=\"article:modified_time\" content=\"2025-10-15T08:14:47+00:00\" \/>\n<meta property=\"og:image\" content=\"https:\/\/ciclesformatius.es\/wp-content\/uploads\/2023\/02\/cfgm-perruqueria-cosmetica-capilar-1.png\" \/>\n\t<meta property=\"og:image:width\" content=\"1080\" \/>\n\t<meta property=\"og:image:height\" content=\"1080\" \/>\n\t<meta property=\"og:image:type\" content=\"image\/png\" \/>\n<meta name=\"author\" content=\"Alba Medina\" \/>\n<meta name=\"twitter:card\" content=\"summary_large_image\" \/>\n<meta name=\"twitter:creator\" content=\"@cejaumebalmes\" \/>\n<meta name=\"twitter:site\" content=\"@cejaumebalmes\" \/>\n<meta name=\"twitter:label1\" content=\"Escrito por\" \/>\n\t<meta name=\"twitter:data1\" content=\"Alba Medina\" \/>\n\t<meta name=\"twitter:label2\" content=\"Tiempo de lectura\" \/>\n\t<meta name=\"twitter:data2\" content=\"3 minutos\" \/>\n<script type=\"application\/ld+json\" class=\"yoast-schema-graph\">{\"@context\":\"https:\\\/\\\/schema.org\",\"@graph\":[{\"@type\":\"Article\",\"@id\":\"https:\\\/\\\/ciclesformatius.es\\\/es\\\/carnaval-en-el-cfgm-de-peluqueria-y-cosmetica-capilar\\\/#article\",\"isPartOf\":{\"@id\":\"https:\\\/\\\/ciclesformatius.es\\\/es\\\/carnaval-en-el-cfgm-de-peluqueria-y-cosmetica-capilar\\\/\"},\"author\":{\"name\":\"Alba Medina\",\"@id\":\"https:\\\/\\\/ciclesformatius.es\\\/es\\\/#\\\/schema\\\/person\\\/3ceae0d42c2a35087d8b3039cb60deda\"},\"headline\":\"Carnaval en el CFGM de Peluquer\u00eda y Cosm\u00e9tica Capilar\",\"datePublished\":\"2023-02-23T11:55:11+00:00\",\"dateModified\":\"2025-10-15T08:14:47+00:00\",\"mainEntityOfPage\":{\"@id\":\"https:\\\/\\\/ciclesformatius.es\\\/es\\\/carnaval-en-el-cfgm-de-peluqueria-y-cosmetica-capilar\\\/\"},\"wordCount\":301,\"commentCount\":0,\"publisher\":{\"@id\":\"https:\\\/\\\/ciclesformatius.es\\\/es\\\/#organization\"},\"image\":{\"@id\":\"https:\\\/\\\/ciclesformatius.es\\\/es\\\/carnaval-en-el-cfgm-de-peluqueria-y-cosmetica-capilar\\\/#primaryimage\"},\"thumbnailUrl\":\"https:\\\/\\\/ciclesformatius.es\\\/wp-content\\\/uploads\\\/2023\\\/02\\\/cfgm-perruqueria-cosmetica-capilar-1.png\",\"keywords\":[\"balmesciclos\",\"formaci\u00f3n profesional\",\"fpbalmes\",\"peluquer\u00eda\"],\"articleSection\":[\"Imagen Personal\"],\"inLanguage\":\"es\",\"potentialAction\":[{\"@type\":\"CommentAction\",\"name\":\"Comment\",\"target\":[\"https:\\\/\\\/ciclesformatius.es\\\/es\\\/carnaval-en-el-cfgm-de-peluqueria-y-cosmetica-capilar\\\/#respond\"]}]},{\"@type\":\"WebPage\",\"@id\":\"https:\\\/\\\/ciclesformatius.es\\\/es\\\/carnaval-en-el-cfgm-de-peluqueria-y-cosmetica-capilar\\\/\",\"url\":\"https:\\\/\\\/ciclesformatius.es\\\/es\\\/carnaval-en-el-cfgm-de-peluqueria-y-cosmetica-capilar\\\/\",\"name\":\"CFGM de Peluquer\u00eda y Cosm\u00e9tica Capilar\",\"isPartOf\":{\"@id\":\"https:\\\/\\\/ciclesformatius.es\\\/es\\\/#website\"},\"primaryImageOfPage\":{\"@id\":\"https:\\\/\\\/ciclesformatius.es\\\/es\\\/carnaval-en-el-cfgm-de-peluqueria-y-cosmetica-capilar\\\/#primaryimage\"},\"image\":{\"@id\":\"https:\\\/\\\/ciclesformatius.es\\\/es\\\/carnaval-en-el-cfgm-de-peluqueria-y-cosmetica-capilar\\\/#primaryimage\"},\"thumbnailUrl\":\"https:\\\/\\\/ciclesformatius.es\\\/wp-content\\\/uploads\\\/2023\\\/02\\\/cfgm-perruqueria-cosmetica-capilar-1.png\",\"datePublished\":\"2023-02-23T11:55:11+00:00\",\"dateModified\":\"2025-10-15T08:14:47+00:00\",\"description\":\"Vive el Carnaval con el alumnado del CFGM de Peluquer\u00eda y Cosm\u00e9tica capilar\",\"breadcrumb\":{\"@id\":\"https:\\\/\\\/ciclesformatius.es\\\/es\\\/carnaval-en-el-cfgm-de-peluqueria-y-cosmetica-capilar\\\/#breadcrumb\"},\"inLanguage\":\"es\",\"potentialAction\":[{\"@type\":\"ReadAction\",\"target\":[\"https:\\\/\\\/ciclesformatius.es\\\/es\\\/carnaval-en-el-cfgm-de-peluqueria-y-cosmetica-capilar\\\/\"]}]},{\"@type\":\"ImageObject\",\"inLanguage\":\"es\",\"@id\":\"https:\\\/\\\/ciclesformatius.es\\\/es\\\/carnaval-en-el-cfgm-de-peluqueria-y-cosmetica-capilar\\\/#primaryimage\",\"url\":\"https:\\\/\\\/ciclesformatius.es\\\/wp-content\\\/uploads\\\/2023\\\/02\\\/cfgm-perruqueria-cosmetica-capilar-1.png\",\"contentUrl\":\"https:\\\/\\\/ciclesformatius.es\\\/wp-content\\\/uploads\\\/2023\\\/02\\\/cfgm-perruqueria-cosmetica-capilar-1.png\",\"width\":1080,\"height\":1080,\"caption\":\"Cicle formatiu de Perruqueria i Cosm\u00e8tica Capil\u00b7lar\"},{\"@type\":\"BreadcrumbList\",\"@id\":\"https:\\\/\\\/ciclesformatius.es\\\/es\\\/carnaval-en-el-cfgm-de-peluqueria-y-cosmetica-capilar\\\/#breadcrumb\",\"itemListElement\":[{\"@type\":\"ListItem\",\"position\":1,\"name\":\"Inici\",\"item\":\"https:\\\/\\\/ciclesformatius.es\\\/es\\\/inicio\\\/\"},{\"@type\":\"ListItem\",\"position\":2,\"name\":\"Carnaval en el CFGM de Peluquer\u00eda y Cosm\u00e9tica Capilar\"}]},{\"@type\":\"WebSite\",\"@id\":\"https:\\\/\\\/ciclesformatius.es\\\/es\\\/#website\",\"url\":\"https:\\\/\\\/ciclesformatius.es\\\/es\\\/\",\"name\":\"Cicles Formatius Jaume Balmes\",\"description\":\"\",\"publisher\":{\"@id\":\"https:\\\/\\\/ciclesformatius.es\\\/es\\\/#organization\"},\"potentialAction\":[{\"@type\":\"SearchAction\",\"target\":{\"@type\":\"EntryPoint\",\"urlTemplate\":\"https:\\\/\\\/ciclesformatius.es\\\/es\\\/?s={search_term_string}\"},\"query-input\":{\"@type\":\"PropertyValueSpecification\",\"valueRequired\":true,\"valueName\":\"search_term_string\"}}],\"inLanguage\":\"es\"},{\"@type\":\"Organization\",\"@id\":\"https:\\\/\\\/ciclesformatius.es\\\/es\\\/#organization\",\"name\":\"Centre d'Estudis Jaume Balmes\",\"url\":\"https:\\\/\\\/ciclesformatius.es\\\/es\\\/\",\"logo\":{\"@type\":\"ImageObject\",\"inLanguage\":\"es\",\"@id\":\"https:\\\/\\\/ciclesformatius.es\\\/es\\\/#\\\/schema\\\/logo\\\/image\\\/\",\"url\":\"https:\\\/\\\/ciclesformatius.es\\\/wp-content\\\/uploads\\\/2023\\\/01\\\/balmes-01.svg\",\"contentUrl\":\"https:\\\/\\\/ciclesformatius.es\\\/wp-content\\\/uploads\\\/2023\\\/01\\\/balmes-01.svg\",\"caption\":\"Centre d'Estudis Jaume Balmes\"},\"image\":{\"@id\":\"https:\\\/\\\/ciclesformatius.es\\\/es\\\/#\\\/schema\\\/logo\\\/image\\\/\"},\"sameAs\":[\"https:\\\/\\\/www.facebook.com\\\/cejaumebalmes\",\"https:\\\/\\\/x.com\\\/cejaumebalmes\"]},{\"@type\":\"Person\",\"@id\":\"https:\\\/\\\/ciclesformatius.es\\\/es\\\/#\\\/schema\\\/person\\\/3ceae0d42c2a35087d8b3039cb60deda\",\"name\":\"Alba Medina\",\"image\":{\"@type\":\"ImageObject\",\"inLanguage\":\"es\",\"@id\":\"https:\\\/\\\/secure.gravatar.com\\\/avatar\\\/a1f456bed3f96b0df1cdf47b5af3103fcc8d9c5970530249d90e9baddc9aaba9?s=96&d=mm&r=g\",\"url\":\"https:\\\/\\\/secure.gravatar.com\\\/avatar\\\/a1f456bed3f96b0df1cdf47b5af3103fcc8d9c5970530249d90e9baddc9aaba9?s=96&d=mm&r=g\",\"contentUrl\":\"https:\\\/\\\/secure.gravatar.com\\\/avatar\\\/a1f456bed3f96b0df1cdf47b5af3103fcc8d9c5970530249d90e9baddc9aaba9?s=96&d=mm&r=g\",\"caption\":\"Alba Medina\"}}]}<\/script>\n<!-- \/ Yoast SEO plugin. -->","yoast_head_json":{"title":"CFGM de Peluquer\u00eda y Cosm\u00e9tica Capilar","description":"Vive el Carnaval con el alumnado del CFGM de Peluquer\u00eda y Cosm\u00e9tica capilar","robots":{"index":"index","follow":"follow","max-snippet":"max-snippet:-1","max-image-preview":"max-image-preview:large","max-video-preview":"max-video-preview:-1"},"canonical":"https:\/\/ciclesformatius.es\/es\/carnaval-en-el-cfgm-de-peluqueria-y-cosmetica-capilar\/","og_locale":"es_ES","og_type":"article","og_title":"CFGM de Peluquer\u00eda y Cosm\u00e9tica Capilar","og_description":"Vive el Carnaval con el alumnado del CFGM de Peluquer\u00eda y Cosm\u00e9tica capilar","og_url":"https:\/\/ciclesformatius.es\/es\/carnaval-en-el-cfgm-de-peluqueria-y-cosmetica-capilar\/","og_site_name":"Cicles Formatius Jaume Balmes","article_publisher":"https:\/\/www.facebook.com\/cejaumebalmes","article_published_time":"2023-02-23T11:55:11+00:00","article_modified_time":"2025-10-15T08:14:47+00:00","og_image":[{"width":1080,"height":1080,"url":"https:\/\/ciclesformatius.es\/wp-content\/uploads\/2023\/02\/cfgm-perruqueria-cosmetica-capilar-1.png","type":"image\/png"}],"author":"Alba Medina","twitter_card":"summary_large_image","twitter_creator":"@cejaumebalmes","twitter_site":"@cejaumebalmes","twitter_misc":{"Escrito por":"Alba Medina","Tiempo de lectura":"3 minutos"},"schema":{"@context":"https:\/\/schema.org","@graph":[{"@type":"Article","@id":"https:\/\/ciclesformatius.es\/es\/carnaval-en-el-cfgm-de-peluqueria-y-cosmetica-capilar\/#article","isPartOf":{"@id":"https:\/\/ciclesformatius.es\/es\/carnaval-en-el-cfgm-de-peluqueria-y-cosmetica-capilar\/"},"author":{"name":"Alba Medina","@id":"https:\/\/ciclesformatius.es\/es\/#\/schema\/person\/3ceae0d42c2a35087d8b3039cb60deda"},"headline":"Carnaval en el CFGM de Peluquer\u00eda y Cosm\u00e9tica Capilar","datePublished":"2023-02-23T11:55:11+00:00","dateModified":"2025-10-15T08:14:47+00:00","mainEntityOfPage":{"@id":"https:\/\/ciclesformatius.es\/es\/carnaval-en-el-cfgm-de-peluqueria-y-cosmetica-capilar\/"},"wordCount":301,"commentCount":0,"publisher":{"@id":"https:\/\/ciclesformatius.es\/es\/#organization"},"image":{"@id":"https:\/\/ciclesformatius.es\/es\/carnaval-en-el-cfgm-de-peluqueria-y-cosmetica-capilar\/#primaryimage"},"thumbnailUrl":"https:\/\/ciclesformatius.es\/wp-content\/uploads\/2023\/02\/cfgm-perruqueria-cosmetica-capilar-1.png","keywords":["balmesciclos","formaci\u00f3n profesional","fpbalmes","peluquer\u00eda"],"articleSection":["Imagen Personal"],"inLanguage":"es","potentialAction":[{"@type":"CommentAction","name":"Comment","target":["https:\/\/ciclesformatius.es\/es\/carnaval-en-el-cfgm-de-peluqueria-y-cosmetica-capilar\/#respond"]}]},{"@type":"WebPage","@id":"https:\/\/ciclesformatius.es\/es\/carnaval-en-el-cfgm-de-peluqueria-y-cosmetica-capilar\/","url":"https:\/\/ciclesformatius.es\/es\/carnaval-en-el-cfgm-de-peluqueria-y-cosmetica-capilar\/","name":"CFGM de Peluquer\u00eda y Cosm\u00e9tica Capilar","isPartOf":{"@id":"https:\/\/ciclesformatius.es\/es\/#website"},"primaryImageOfPage":{"@id":"https:\/\/ciclesformatius.es\/es\/carnaval-en-el-cfgm-de-peluqueria-y-cosmetica-capilar\/#primaryimage"},"image":{"@id":"https:\/\/ciclesformatius.es\/es\/carnaval-en-el-cfgm-de-peluqueria-y-cosmetica-capilar\/#primaryimage"},"thumbnailUrl":"https:\/\/ciclesformatius.es\/wp-content\/uploads\/2023\/02\/cfgm-perruqueria-cosmetica-capilar-1.png","datePublished":"2023-02-23T11:55:11+00:00","dateModified":"2025-10-15T08:14:47+00:00","description":"Vive el Carnaval con el alumnado del CFGM de Peluquer\u00eda y Cosm\u00e9tica capilar","breadcrumb":{"@id":"https:\/\/ciclesformatius.es\/es\/carnaval-en-el-cfgm-de-peluqueria-y-cosmetica-capilar\/#breadcrumb"},"inLanguage":"es","potentialAction":[{"@type":"ReadAction","target":["https:\/\/ciclesformatius.es\/es\/carnaval-en-el-cfgm-de-peluqueria-y-cosmetica-capilar\/"]}]},{"@type":"ImageObject","inLanguage":"es","@id":"https:\/\/ciclesformatius.es\/es\/carnaval-en-el-cfgm-de-peluqueria-y-cosmetica-capilar\/#primaryimage","url":"https:\/\/ciclesformatius.es\/wp-content\/uploads\/2023\/02\/cfgm-perruqueria-cosmetica-capilar-1.png","contentUrl":"https:\/\/ciclesformatius.es\/wp-content\/uploads\/2023\/02\/cfgm-perruqueria-cosmetica-capilar-1.png","width":1080,"height":1080,"caption":"Cicle formatiu de Perruqueria i Cosm\u00e8tica Capil\u00b7lar"},{"@type":"BreadcrumbList","@id":"https:\/\/ciclesformatius.es\/es\/carnaval-en-el-cfgm-de-peluqueria-y-cosmetica-capilar\/#breadcrumb","itemListElement":[{"@type":"ListItem","position":1,"name":"Inici","item":"https:\/\/ciclesformatius.es\/es\/inicio\/"},{"@type":"ListItem","position":2,"name":"Carnaval en el CFGM de Peluquer\u00eda y Cosm\u00e9tica Capilar"}]},{"@type":"WebSite","@id":"https:\/\/ciclesformatius.es\/es\/#website","url":"https:\/\/ciclesformatius.es\/es\/","name":"Cicles Formatius Jaume Balmes","description":"","publisher":{"@id":"https:\/\/ciclesformatius.es\/es\/#organization"},"potentialAction":[{"@type":"SearchAction","target":{"@type":"EntryPoint","urlTemplate":"https:\/\/ciclesformatius.es\/es\/?s={search_term_string}"},"query-input":{"@type":"PropertyValueSpecification","valueRequired":true,"valueName":"search_term_string"}}],"inLanguage":"es"},{"@type":"Organization","@id":"https:\/\/ciclesformatius.es\/es\/#organization","name":"Centre d'Estudis Jaume Balmes","url":"https:\/\/ciclesformatius.es\/es\/","logo":{"@type":"ImageObject","inLanguage":"es","@id":"https:\/\/ciclesformatius.es\/es\/#\/schema\/logo\/image\/","url":"https:\/\/ciclesformatius.es\/wp-content\/uploads\/2023\/01\/balmes-01.svg","contentUrl":"https:\/\/ciclesformatius.es\/wp-content\/uploads\/2023\/01\/balmes-01.svg","caption":"Centre d'Estudis Jaume Balmes"},"image":{"@id":"https:\/\/ciclesformatius.es\/es\/#\/schema\/logo\/image\/"},"sameAs":["https:\/\/www.facebook.com\/cejaumebalmes","https:\/\/x.com\/cejaumebalmes"]},{"@type":"Person","@id":"https:\/\/ciclesformatius.es\/es\/#\/schema\/person\/3ceae0d42c2a35087d8b3039cb60deda","name":"Alba Medina","image":{"@type":"ImageObject","inLanguage":"es","@id":"https:\/\/secure.gravatar.com\/avatar\/a1f456bed3f96b0df1cdf47b5af3103fcc8d9c5970530249d90e9baddc9aaba9?s=96&d=mm&r=g","url":"https:\/\/secure.gravatar.com\/avatar\/a1f456bed3f96b0df1cdf47b5af3103fcc8d9c5970530249d90e9baddc9aaba9?s=96&d=mm&r=g","contentUrl":"https:\/\/secure.gravatar.com\/avatar\/a1f456bed3f96b0df1cdf47b5af3103fcc8d9c5970530249d90e9baddc9aaba9?s=96&d=mm&r=g","caption":"Alba Medina"}}]}},"_links":{"self":[{"href":"https:\/\/ciclesformatius.es\/es\/wp-json\/wp\/v2\/posts\/3935","targetHints":{"allow":["GET"]}}],"collection":[{"href":"https:\/\/ciclesformatius.es\/es\/wp-json\/wp\/v2\/posts"}],"about":[{"href":"https:\/\/ciclesformatius.es\/es\/wp-json\/wp\/v2\/types\/post"}],"author":[{"embeddable":true,"href":"https:\/\/ciclesformatius.es\/es\/wp-json\/wp\/v2\/users\/2"}],"replies":[{"embeddable":true,"href":"https:\/\/ciclesformatius.es\/es\/wp-json\/wp\/v2\/comments?post=3935"}],"version-history":[{"count":2,"href":"https:\/\/ciclesformatius.es\/es\/wp-json\/wp\/v2\/posts\/3935\/revisions"}],"predecessor-version":[{"id":4549,"href":"https:\/\/ciclesformatius.es\/es\/wp-json\/wp\/v2\/posts\/3935\/revisions\/4549"}],"wp:featuredmedia":[{"embeddable":true,"href":"https:\/\/ciclesformatius.es\/es\/wp-json\/wp\/v2\/media\/3599"}],"wp:attachment":[{"href":"https:\/\/ciclesformatius.es\/es\/wp-json\/wp\/v2\/media?parent=3935"}],"wp:term":[{"taxonomy":"category","embeddable":true,"href":"https:\/\/ciclesformatius.es\/es\/wp-json\/wp\/v2\/categories?post=3935"},{"taxonomy":"post_tag","embeddable":true,"href":"https:\/\/ciclesformatius.es\/es\/wp-json\/wp\/v2\/tags?post=3935"}],"curies":[{"name":"wp","href":"https:\/\/api.w.org\/{rel}","templated":true}]}}