{"id":3933,"date":"2023-03-06T10:15:14","date_gmt":"2023-03-06T10:15:14","guid":{"rendered":"https:\/\/ciclesformatius.es\/la-importancia-de-la-imagen-personal-en-redes-sociales\/"},"modified":"2025-09-22T16:34:58","modified_gmt":"2025-09-22T16:34:58","slug":"la-importancia-de-la-imagen-personal-en-redes-sociales","status":"publish","type":"post","link":"https:\/\/ciclesformatius.es\/es\/la-importancia-de-la-imagen-personal-en-redes-sociales\/","title":{"rendered":"La importancia de la Imagen Personal en las redes sociales"},"content":{"rendered":"\n<h4 class=\"wp-block-heading\"><strong><em>\u00bfC\u00f3mo trabajamos en los Ciclos Formativos de Imagen Personal?<\/em><\/strong><\/h4>\n\n<p>En la actualidad, las redes sociales son un canal de comunicaci\u00f3n en el que, cada d\u00eda, la gente expone su imagen y busca como resultado tener m\u00e1s likes.<\/p>\n\n<p>En Balmes tenemos en cuenta esta premisa y la trabajamos en nuestros <strong>Ciclos Formativos de Imagen Personal<\/strong>. Conocemos la importancia de la Imagen Personal para resaltar tus looks por encima de las otras publicaciones y conseguir ese tan ansiado me gusta. <\/p>\n\n<p>Por este motivo, en el <a href=\"https:\/\/ciclesformatius.es\/es\/ciclos-formativos-imagen\/cfgs-asesoria-imagen-personal-y-corporativa\/\">CFGS Asesor\u00eda de Imagen Personal<\/a>, no s\u00f3lo hablamos de c\u00f3mo asesorar en cuanto a forma o estilo. Tambi\u00e9n prestamos mucha atenci\u00f3n a aquellas tendencias de moda que destacan por encima de las dem\u00e1s. \u00a1Estamos al d\u00eda de todas las novedades que crean un efecto <em>WOW!<\/em> en el espectador.  <\/p>\n\n<p>En Instagram hablamos de un <em>feed <\/em>con un estilo muy <em>trendy <\/em>para captar la atenci\u00f3n, colores m\u00e1s vivos, prendas llamativas o captadores de atenci\u00f3n. Te preguntar\u00e1s\u2026 \u00bfC\u00f3mo conseguir todo lo que estamos contando? \u00a1Muy f\u00e1cil!  <\/p>\n\n<h4 class=\"wp-block-heading\"><strong><em>Consejos para conseguir destacar tu look en Instagram<\/em><\/strong><\/h4>\n\n<ul class=\"wp-block-list\">\n<li><strong>Experimenta con los colores y texturas.<\/strong> Busca siempre colores que contrasten con el fondo, es decir, que sean distintos y destaquen. Huye de los looks monocrom\u00e1ticos que, pese a alargar tu silueta, har\u00e1n que no captes la atenci\u00f3n por encima de otras fotograf\u00edas. <\/li>\n<\/ul>\n\n<ul class=\"wp-block-list\">\n<li>Juega con la <strong>sobreposici\u00f3n de prendas<\/strong>. Dar\u00e1n a tu imagen un aire creativo, moderno y de tendencia. <\/li>\n<\/ul>\n\n<ul class=\"wp-block-list\">\n<li><strong>Los complementos son tu mejor aliado.<\/strong> Dan a la imagen tu toque personal.<\/li>\n<\/ul>\n\n<ul class=\"wp-block-list\">\n<li><strong>Utiliza varias prendas<\/strong>. Dar\u00e1n un toque m\u00e1s urbano y son un <em>must <\/em>para estas temporadas.<\/li>\n<\/ul>\n\n<ul class=\"wp-block-list\">\n<li>Nunca te coloques en medio de la fotograf\u00eda, <strong>busca los laterales o puntos de fuga<\/strong> para dar un aire creativo.<\/li>\n<\/ul>\n\n<h4 class=\"wp-block-heading\"><strong><em>Otros elementos importantes<\/em><\/strong><\/h4>\n\n<p>Hasta ahora hemos hablado de ropa, pero tambi\u00e9n es necesario hablar de <strong>cabello <\/strong>y de <strong>maquillaje<\/strong>.<\/p>\n\n<p>El peinado habla siempre de ti, de qu\u00e9 estilo tienes y de c\u00f3mo quieres mostrarte al mundo. Por este motivo, en el <a href=\"https:\/\/ciclesformatius.es\/es\/ciclos-formativos-imagen\/cfgm-peluqueria-y-cosmetica-capilar\/\">CFGM Peluquer\u00eda y Cosm\u00e9tica Capilar<\/a>, se sientan las bases de qu\u00e9 estilo quieres mostrar al mundo. <\/p>\n\n<p><em>\u00bfAlgo cl\u00e1sico y monocolor? \u00bfAlgo fresco y din\u00e1mico con varias tonalidades? \u00bfColores fantas\u00eda?  <\/em> <strong>\u00a1Escoge qu\u00e9 estilismo de peluquer\u00eda quieres llevar!<\/strong><\/p>\n\n<p>Como consejo, quienes m\u00e1s destacar\u00e1n siempre ser\u00e1n los <strong>colores fantas\u00eda<\/strong>. No estamos tan acostumbrados a verlos y har\u00e1n que ganes m\u00e1s visibilidad y <em>likes<\/em>. <\/p>\n\n<p>Por \u00faltimo, nos queda hablar del <strong>maquillaje y de las u\u00f1as<\/strong>. Lo primero que de nuevo es necesario plantearse a nivel est\u00e9tico es tambi\u00e9n qu\u00e9 tipo y t\u00e9cnicas queremos aplicar al make up. \u00bfAlgo m\u00e1s b\u00e1sico o m\u00e1s atrevido?  <\/p>\n\n<p>Un aspecto muy destacable del look son actualmente las u\u00f1as. Artistas como Rosal\u00eda pusieron de moda las u\u00f1as largas y con muchos motivos creativos. Si eres de las que llevan esas u\u00f1as tan llamativas, no dudes en ense\u00f1arlas a tus poses para las fotograf\u00edas.  <\/p>\n\n<p>Siempre puedes crear beautys de primer plano para poder ense\u00f1arlas: \u00a1seguro que triunfar\u00e1s! Todas estas t\u00e9cnicas y estilos son ense\u00f1ados en nuestras alumnas del <strong><a href=\"https:\/\/ciclesformatius.es\/es\/ciclos-formativos-imagen\/cfgm-estetica-y-belleza\/\">CFGM de Est\u00e9tica y Belleza<\/a><\/strong>. <\/p>\n\n<h4 class=\"wp-block-heading\"><strong><em>Estudia en el Balmes!<\/em><\/strong><\/h4>\n\n<p>Una imagen vale m\u00e1s que mil palabras. Por eso, tu imagen personal ser\u00e1 determinante para mostrarte al mundo de la forma que quieras. <\/p>\n\n<p>Todo esto lo tenemos muy presente en los <strong>Ciclos Formativos de Imagen Personal al C.E. Jaume Balmes y en <a href=\"http:\/\/balmesimage.com\">Balmes Image<\/a>.<\/strong> Para practicar todos estos conceptos, realizamos cuatro desfiles durante los dos a\u00f1os que tenemos los alumnos en nuestra escuela de Formaci\u00f3n Profesional. A trav\u00e9s de un desfile de moda realizado fuera de nuestro centro en L&#8217;Hospitalet de Llobregat, unimos peluquer\u00eda, maquillaje y estilismo bajo el paraguas de un tema que cada curso es diferente. <\/p>\n\n<figure class=\"wp-block-embed is-type-video is-provider-youtube wp-block-embed-youtube wp-embed-aspect-16-9 wp-has-aspect-ratio\"><div class=\"wp-block-embed__wrapper\">\n<iframe title=\"FASHION SHOW &quot;RED CARPET&quot;\" width=\"1200\" height=\"675\" src=\"https:\/\/www.youtube.com\/embed\/QqwEJUGWM7s?list=PL1e-QA8XglTdKRYOxpbWfJXLZ-dSZdfSv\" frameborder=\"0\" allow=\"accelerometer; autoplay; clipboard-write; encrypted-media; gyroscope; picture-in-picture; web-share\" referrerpolicy=\"strict-origin-when-cross-origin\" allowfullscreen><\/iframe>\n<\/div><figcaption class=\"wp-element-caption\"><em>Ejemplo de los desfiles que realizamos en Balmes Image.<\/em><\/figcaption><\/figure>\n\n<p><strong>\u00a1No te pierdas el pr\u00f3ximo!<\/strong><\/p>\n\n<p><strong><a href=\"https:\/\/ciclesformatius.es\/es\/contacto\/\">Pide m\u00e1s informaci\u00f3n<\/a><\/strong><\/p>\n","protected":false},"excerpt":{"rendered":"<p>\u00bfC\u00f3mo trabajamos en los Ciclos Formativos de Imagen Personal? En la actualidad, las redes sociales son un canal de comunicaci\u00f3n en el que, cada d\u00eda, la gente expone su imagen y busca como resultado tener m\u00e1s likes. En Balmes tenemos en cuenta esta premisa y la trabajamos en nuestros Ciclos Formativos de Imagen Personal. Conocemos &#8230; <a title=\"La importancia de la Imagen Personal en las redes sociales\" class=\"read-more\" href=\"https:\/\/ciclesformatius.es\/es\/la-importancia-de-la-imagen-personal-en-redes-sociales\/\" aria-label=\"Leer m\u00e1s sobre La importancia de la Imagen Personal en las redes sociales\">Leer m\u00e1s<\/a><\/p>\n","protected":false},"author":2,"featured_media":3615,"comment_status":"open","ping_status":"open","sticky":false,"template":"","format":"standard","meta":{"inline_featured_image":false,"footnotes":""},"categories":[38],"tags":[43,35,45,33,34,42,44],"class_list":["post-3933","post","type-post","status-publish","format-standard","has-post-thumbnail","hentry","category-imagen-personal","tag-asesoriadeimagen-es","tag-balmesciclos","tag-estetica-es","tag-formacion-profesional","tag-fpbalmes-es","tag-imatgepersonal-es","tag-peluqueria-es"],"yoast_head":"<!-- This site is optimized with the Yoast SEO plugin v27.4 - https:\/\/yoast.com\/product\/yoast-seo-wordpress\/ -->\n<title>Ciclos formativos imagen personal<\/title>\n<meta name=\"description\" content=\"En los Ciclos Formativos de Imagen Personal de los Balmes sabemos de la importancia de la Imagen Personal para resaltar tus &quot;looks&quot;.\" \/>\n<meta name=\"robots\" content=\"index, follow, max-snippet:-1, max-image-preview:large, max-video-preview:-1\" \/>\n<link rel=\"canonical\" href=\"https:\/\/ciclesformatius.es\/es\/la-importancia-de-la-imagen-personal-en-redes-sociales\/\" \/>\n<meta property=\"og:locale\" content=\"es_ES\" \/>\n<meta property=\"og:type\" content=\"article\" \/>\n<meta property=\"og:title\" content=\"Ciclos formativos imagen personal\" \/>\n<meta property=\"og:description\" content=\"En los Ciclos Formativos de Imagen Personal de los Balmes sabemos de la importancia de la Imagen Personal para resaltar tus &quot;looks&quot;.\" \/>\n<meta property=\"og:url\" content=\"https:\/\/ciclesformatius.es\/es\/la-importancia-de-la-imagen-personal-en-redes-sociales\/\" \/>\n<meta property=\"og:site_name\" content=\"Cicles Formatius Jaume Balmes\" \/>\n<meta property=\"article:publisher\" content=\"https:\/\/www.facebook.com\/cejaumebalmes\" \/>\n<meta property=\"article:published_time\" content=\"2023-03-06T10:15:14+00:00\" \/>\n<meta property=\"article:modified_time\" content=\"2025-09-22T16:34:58+00:00\" \/>\n<meta property=\"og:image\" content=\"https:\/\/ciclesformatius.es\/wp-content\/uploads\/2023\/03\/Diseno-sin-titulo-3.png\" \/>\n\t<meta property=\"og:image:width\" content=\"1920\" \/>\n\t<meta property=\"og:image:height\" content=\"1080\" \/>\n\t<meta property=\"og:image:type\" content=\"image\/png\" \/>\n<meta name=\"author\" content=\"Alba Medina\" \/>\n<meta name=\"twitter:card\" content=\"summary_large_image\" \/>\n<meta name=\"twitter:creator\" content=\"@cejaumebalmes\" \/>\n<meta name=\"twitter:site\" content=\"@cejaumebalmes\" \/>\n<meta name=\"twitter:label1\" content=\"Escrito por\" \/>\n\t<meta name=\"twitter:data1\" content=\"Alba Medina\" \/>\n\t<meta name=\"twitter:label2\" content=\"Tiempo de lectura\" \/>\n\t<meta name=\"twitter:data2\" content=\"4 minutos\" \/>\n<script type=\"application\/ld+json\" class=\"yoast-schema-graph\">{\"@context\":\"https:\\\/\\\/schema.org\",\"@graph\":[{\"@type\":\"Article\",\"@id\":\"https:\\\/\\\/ciclesformatius.es\\\/es\\\/la-importancia-de-la-imagen-personal-en-redes-sociales\\\/#article\",\"isPartOf\":{\"@id\":\"https:\\\/\\\/ciclesformatius.es\\\/es\\\/la-importancia-de-la-imagen-personal-en-redes-sociales\\\/\"},\"author\":{\"name\":\"Alba Medina\",\"@id\":\"https:\\\/\\\/ciclesformatius.es\\\/es\\\/#\\\/schema\\\/person\\\/3ceae0d42c2a35087d8b3039cb60deda\"},\"headline\":\"La importancia de la Imagen Personal en las redes sociales\",\"datePublished\":\"2023-03-06T10:15:14+00:00\",\"dateModified\":\"2025-09-22T16:34:58+00:00\",\"mainEntityOfPage\":{\"@id\":\"https:\\\/\\\/ciclesformatius.es\\\/es\\\/la-importancia-de-la-imagen-personal-en-redes-sociales\\\/\"},\"wordCount\":707,\"commentCount\":0,\"publisher\":{\"@id\":\"https:\\\/\\\/ciclesformatius.es\\\/es\\\/#organization\"},\"image\":{\"@id\":\"https:\\\/\\\/ciclesformatius.es\\\/es\\\/la-importancia-de-la-imagen-personal-en-redes-sociales\\\/#primaryimage\"},\"thumbnailUrl\":\"https:\\\/\\\/ciclesformatius.es\\\/wp-content\\\/uploads\\\/2023\\\/03\\\/Diseno-sin-titulo-3.png\",\"keywords\":[\"asesoriadeimagen\",\"balmesciclos\",\"estetica\",\"formaci\u00f3n profesional\",\"fpbalmes\",\"imatgepersonal\",\"peluqueria\"],\"articleSection\":[\"Imagen Personal\"],\"inLanguage\":\"es\",\"potentialAction\":[{\"@type\":\"CommentAction\",\"name\":\"Comment\",\"target\":[\"https:\\\/\\\/ciclesformatius.es\\\/es\\\/la-importancia-de-la-imagen-personal-en-redes-sociales\\\/#respond\"]}]},{\"@type\":\"WebPage\",\"@id\":\"https:\\\/\\\/ciclesformatius.es\\\/es\\\/la-importancia-de-la-imagen-personal-en-redes-sociales\\\/\",\"url\":\"https:\\\/\\\/ciclesformatius.es\\\/es\\\/la-importancia-de-la-imagen-personal-en-redes-sociales\\\/\",\"name\":\"Ciclos formativos imagen personal\",\"isPartOf\":{\"@id\":\"https:\\\/\\\/ciclesformatius.es\\\/es\\\/#website\"},\"primaryImageOfPage\":{\"@id\":\"https:\\\/\\\/ciclesformatius.es\\\/es\\\/la-importancia-de-la-imagen-personal-en-redes-sociales\\\/#primaryimage\"},\"image\":{\"@id\":\"https:\\\/\\\/ciclesformatius.es\\\/es\\\/la-importancia-de-la-imagen-personal-en-redes-sociales\\\/#primaryimage\"},\"thumbnailUrl\":\"https:\\\/\\\/ciclesformatius.es\\\/wp-content\\\/uploads\\\/2023\\\/03\\\/Diseno-sin-titulo-3.png\",\"datePublished\":\"2023-03-06T10:15:14+00:00\",\"dateModified\":\"2025-09-22T16:34:58+00:00\",\"description\":\"En los Ciclos Formativos de Imagen Personal de los Balmes sabemos de la importancia de la Imagen Personal para resaltar tus \\\"looks\\\".\",\"breadcrumb\":{\"@id\":\"https:\\\/\\\/ciclesformatius.es\\\/es\\\/la-importancia-de-la-imagen-personal-en-redes-sociales\\\/#breadcrumb\"},\"inLanguage\":\"es\",\"potentialAction\":[{\"@type\":\"ReadAction\",\"target\":[\"https:\\\/\\\/ciclesformatius.es\\\/es\\\/la-importancia-de-la-imagen-personal-en-redes-sociales\\\/\"]}]},{\"@type\":\"ImageObject\",\"inLanguage\":\"es\",\"@id\":\"https:\\\/\\\/ciclesformatius.es\\\/es\\\/la-importancia-de-la-imagen-personal-en-redes-sociales\\\/#primaryimage\",\"url\":\"https:\\\/\\\/ciclesformatius.es\\\/wp-content\\\/uploads\\\/2023\\\/03\\\/Diseno-sin-titulo-3.png\",\"contentUrl\":\"https:\\\/\\\/ciclesformatius.es\\\/wp-content\\\/uploads\\\/2023\\\/03\\\/Diseno-sin-titulo-3.png\",\"width\":1920,\"height\":1080,\"caption\":\"Cicle formatiu de Perruqueria i Cosm\u00e8tica Capil\u00b7lar\"},{\"@type\":\"BreadcrumbList\",\"@id\":\"https:\\\/\\\/ciclesformatius.es\\\/es\\\/la-importancia-de-la-imagen-personal-en-redes-sociales\\\/#breadcrumb\",\"itemListElement\":[{\"@type\":\"ListItem\",\"position\":1,\"name\":\"Inici\",\"item\":\"https:\\\/\\\/ciclesformatius.es\\\/es\\\/inicio\\\/\"},{\"@type\":\"ListItem\",\"position\":2,\"name\":\"La importancia de la Imagen Personal en las redes sociales\"}]},{\"@type\":\"WebSite\",\"@id\":\"https:\\\/\\\/ciclesformatius.es\\\/es\\\/#website\",\"url\":\"https:\\\/\\\/ciclesformatius.es\\\/es\\\/\",\"name\":\"Cicles Formatius Jaume Balmes\",\"description\":\"\",\"publisher\":{\"@id\":\"https:\\\/\\\/ciclesformatius.es\\\/es\\\/#organization\"},\"potentialAction\":[{\"@type\":\"SearchAction\",\"target\":{\"@type\":\"EntryPoint\",\"urlTemplate\":\"https:\\\/\\\/ciclesformatius.es\\\/es\\\/?s={search_term_string}\"},\"query-input\":{\"@type\":\"PropertyValueSpecification\",\"valueRequired\":true,\"valueName\":\"search_term_string\"}}],\"inLanguage\":\"es\"},{\"@type\":\"Organization\",\"@id\":\"https:\\\/\\\/ciclesformatius.es\\\/es\\\/#organization\",\"name\":\"Centre d'Estudis Jaume Balmes\",\"url\":\"https:\\\/\\\/ciclesformatius.es\\\/es\\\/\",\"logo\":{\"@type\":\"ImageObject\",\"inLanguage\":\"es\",\"@id\":\"https:\\\/\\\/ciclesformatius.es\\\/es\\\/#\\\/schema\\\/logo\\\/image\\\/\",\"url\":\"https:\\\/\\\/ciclesformatius.es\\\/wp-content\\\/uploads\\\/2023\\\/01\\\/balmes-01.svg\",\"contentUrl\":\"https:\\\/\\\/ciclesformatius.es\\\/wp-content\\\/uploads\\\/2023\\\/01\\\/balmes-01.svg\",\"caption\":\"Centre d'Estudis Jaume Balmes\"},\"image\":{\"@id\":\"https:\\\/\\\/ciclesformatius.es\\\/es\\\/#\\\/schema\\\/logo\\\/image\\\/\"},\"sameAs\":[\"https:\\\/\\\/www.facebook.com\\\/cejaumebalmes\",\"https:\\\/\\\/x.com\\\/cejaumebalmes\"]},{\"@type\":\"Person\",\"@id\":\"https:\\\/\\\/ciclesformatius.es\\\/es\\\/#\\\/schema\\\/person\\\/3ceae0d42c2a35087d8b3039cb60deda\",\"name\":\"Alba Medina\",\"image\":{\"@type\":\"ImageObject\",\"inLanguage\":\"es\",\"@id\":\"https:\\\/\\\/secure.gravatar.com\\\/avatar\\\/a1f456bed3f96b0df1cdf47b5af3103fcc8d9c5970530249d90e9baddc9aaba9?s=96&d=mm&r=g\",\"url\":\"https:\\\/\\\/secure.gravatar.com\\\/avatar\\\/a1f456bed3f96b0df1cdf47b5af3103fcc8d9c5970530249d90e9baddc9aaba9?s=96&d=mm&r=g\",\"contentUrl\":\"https:\\\/\\\/secure.gravatar.com\\\/avatar\\\/a1f456bed3f96b0df1cdf47b5af3103fcc8d9c5970530249d90e9baddc9aaba9?s=96&d=mm&r=g\",\"caption\":\"Alba Medina\"}}]}<\/script>\n<!-- \/ Yoast SEO plugin. -->","yoast_head_json":{"title":"Ciclos formativos imagen personal","description":"En los Ciclos Formativos de Imagen Personal de los Balmes sabemos de la importancia de la Imagen Personal para resaltar tus \"looks\".","robots":{"index":"index","follow":"follow","max-snippet":"max-snippet:-1","max-image-preview":"max-image-preview:large","max-video-preview":"max-video-preview:-1"},"canonical":"https:\/\/ciclesformatius.es\/es\/la-importancia-de-la-imagen-personal-en-redes-sociales\/","og_locale":"es_ES","og_type":"article","og_title":"Ciclos formativos imagen personal","og_description":"En los Ciclos Formativos de Imagen Personal de los Balmes sabemos de la importancia de la Imagen Personal para resaltar tus \"looks\".","og_url":"https:\/\/ciclesformatius.es\/es\/la-importancia-de-la-imagen-personal-en-redes-sociales\/","og_site_name":"Cicles Formatius Jaume Balmes","article_publisher":"https:\/\/www.facebook.com\/cejaumebalmes","article_published_time":"2023-03-06T10:15:14+00:00","article_modified_time":"2025-09-22T16:34:58+00:00","og_image":[{"width":1920,"height":1080,"url":"https:\/\/ciclesformatius.es\/wp-content\/uploads\/2023\/03\/Diseno-sin-titulo-3.png","type":"image\/png"}],"author":"Alba Medina","twitter_card":"summary_large_image","twitter_creator":"@cejaumebalmes","twitter_site":"@cejaumebalmes","twitter_misc":{"Escrito por":"Alba Medina","Tiempo de lectura":"4 minutos"},"schema":{"@context":"https:\/\/schema.org","@graph":[{"@type":"Article","@id":"https:\/\/ciclesformatius.es\/es\/la-importancia-de-la-imagen-personal-en-redes-sociales\/#article","isPartOf":{"@id":"https:\/\/ciclesformatius.es\/es\/la-importancia-de-la-imagen-personal-en-redes-sociales\/"},"author":{"name":"Alba Medina","@id":"https:\/\/ciclesformatius.es\/es\/#\/schema\/person\/3ceae0d42c2a35087d8b3039cb60deda"},"headline":"La importancia de la Imagen Personal en las redes sociales","datePublished":"2023-03-06T10:15:14+00:00","dateModified":"2025-09-22T16:34:58+00:00","mainEntityOfPage":{"@id":"https:\/\/ciclesformatius.es\/es\/la-importancia-de-la-imagen-personal-en-redes-sociales\/"},"wordCount":707,"commentCount":0,"publisher":{"@id":"https:\/\/ciclesformatius.es\/es\/#organization"},"image":{"@id":"https:\/\/ciclesformatius.es\/es\/la-importancia-de-la-imagen-personal-en-redes-sociales\/#primaryimage"},"thumbnailUrl":"https:\/\/ciclesformatius.es\/wp-content\/uploads\/2023\/03\/Diseno-sin-titulo-3.png","keywords":["asesoriadeimagen","balmesciclos","estetica","formaci\u00f3n profesional","fpbalmes","imatgepersonal","peluqueria"],"articleSection":["Imagen Personal"],"inLanguage":"es","potentialAction":[{"@type":"CommentAction","name":"Comment","target":["https:\/\/ciclesformatius.es\/es\/la-importancia-de-la-imagen-personal-en-redes-sociales\/#respond"]}]},{"@type":"WebPage","@id":"https:\/\/ciclesformatius.es\/es\/la-importancia-de-la-imagen-personal-en-redes-sociales\/","url":"https:\/\/ciclesformatius.es\/es\/la-importancia-de-la-imagen-personal-en-redes-sociales\/","name":"Ciclos formativos imagen personal","isPartOf":{"@id":"https:\/\/ciclesformatius.es\/es\/#website"},"primaryImageOfPage":{"@id":"https:\/\/ciclesformatius.es\/es\/la-importancia-de-la-imagen-personal-en-redes-sociales\/#primaryimage"},"image":{"@id":"https:\/\/ciclesformatius.es\/es\/la-importancia-de-la-imagen-personal-en-redes-sociales\/#primaryimage"},"thumbnailUrl":"https:\/\/ciclesformatius.es\/wp-content\/uploads\/2023\/03\/Diseno-sin-titulo-3.png","datePublished":"2023-03-06T10:15:14+00:00","dateModified":"2025-09-22T16:34:58+00:00","description":"En los Ciclos Formativos de Imagen Personal de los Balmes sabemos de la importancia de la Imagen Personal para resaltar tus \"looks\".","breadcrumb":{"@id":"https:\/\/ciclesformatius.es\/es\/la-importancia-de-la-imagen-personal-en-redes-sociales\/#breadcrumb"},"inLanguage":"es","potentialAction":[{"@type":"ReadAction","target":["https:\/\/ciclesformatius.es\/es\/la-importancia-de-la-imagen-personal-en-redes-sociales\/"]}]},{"@type":"ImageObject","inLanguage":"es","@id":"https:\/\/ciclesformatius.es\/es\/la-importancia-de-la-imagen-personal-en-redes-sociales\/#primaryimage","url":"https:\/\/ciclesformatius.es\/wp-content\/uploads\/2023\/03\/Diseno-sin-titulo-3.png","contentUrl":"https:\/\/ciclesformatius.es\/wp-content\/uploads\/2023\/03\/Diseno-sin-titulo-3.png","width":1920,"height":1080,"caption":"Cicle formatiu de Perruqueria i Cosm\u00e8tica Capil\u00b7lar"},{"@type":"BreadcrumbList","@id":"https:\/\/ciclesformatius.es\/es\/la-importancia-de-la-imagen-personal-en-redes-sociales\/#breadcrumb","itemListElement":[{"@type":"ListItem","position":1,"name":"Inici","item":"https:\/\/ciclesformatius.es\/es\/inicio\/"},{"@type":"ListItem","position":2,"name":"La importancia de la Imagen Personal en las redes sociales"}]},{"@type":"WebSite","@id":"https:\/\/ciclesformatius.es\/es\/#website","url":"https:\/\/ciclesformatius.es\/es\/","name":"Cicles Formatius Jaume Balmes","description":"","publisher":{"@id":"https:\/\/ciclesformatius.es\/es\/#organization"},"potentialAction":[{"@type":"SearchAction","target":{"@type":"EntryPoint","urlTemplate":"https:\/\/ciclesformatius.es\/es\/?s={search_term_string}"},"query-input":{"@type":"PropertyValueSpecification","valueRequired":true,"valueName":"search_term_string"}}],"inLanguage":"es"},{"@type":"Organization","@id":"https:\/\/ciclesformatius.es\/es\/#organization","name":"Centre d'Estudis Jaume Balmes","url":"https:\/\/ciclesformatius.es\/es\/","logo":{"@type":"ImageObject","inLanguage":"es","@id":"https:\/\/ciclesformatius.es\/es\/#\/schema\/logo\/image\/","url":"https:\/\/ciclesformatius.es\/wp-content\/uploads\/2023\/01\/balmes-01.svg","contentUrl":"https:\/\/ciclesformatius.es\/wp-content\/uploads\/2023\/01\/balmes-01.svg","caption":"Centre d'Estudis Jaume Balmes"},"image":{"@id":"https:\/\/ciclesformatius.es\/es\/#\/schema\/logo\/image\/"},"sameAs":["https:\/\/www.facebook.com\/cejaumebalmes","https:\/\/x.com\/cejaumebalmes"]},{"@type":"Person","@id":"https:\/\/ciclesformatius.es\/es\/#\/schema\/person\/3ceae0d42c2a35087d8b3039cb60deda","name":"Alba Medina","image":{"@type":"ImageObject","inLanguage":"es","@id":"https:\/\/secure.gravatar.com\/avatar\/a1f456bed3f96b0df1cdf47b5af3103fcc8d9c5970530249d90e9baddc9aaba9?s=96&d=mm&r=g","url":"https:\/\/secure.gravatar.com\/avatar\/a1f456bed3f96b0df1cdf47b5af3103fcc8d9c5970530249d90e9baddc9aaba9?s=96&d=mm&r=g","contentUrl":"https:\/\/secure.gravatar.com\/avatar\/a1f456bed3f96b0df1cdf47b5af3103fcc8d9c5970530249d90e9baddc9aaba9?s=96&d=mm&r=g","caption":"Alba Medina"}}]}},"_links":{"self":[{"href":"https:\/\/ciclesformatius.es\/es\/wp-json\/wp\/v2\/posts\/3933","targetHints":{"allow":["GET"]}}],"collection":[{"href":"https:\/\/ciclesformatius.es\/es\/wp-json\/wp\/v2\/posts"}],"about":[{"href":"https:\/\/ciclesformatius.es\/es\/wp-json\/wp\/v2\/types\/post"}],"author":[{"embeddable":true,"href":"https:\/\/ciclesformatius.es\/es\/wp-json\/wp\/v2\/users\/2"}],"replies":[{"embeddable":true,"href":"https:\/\/ciclesformatius.es\/es\/wp-json\/wp\/v2\/comments?post=3933"}],"version-history":[{"count":3,"href":"https:\/\/ciclesformatius.es\/es\/wp-json\/wp\/v2\/posts\/3933\/revisions"}],"predecessor-version":[{"id":4484,"href":"https:\/\/ciclesformatius.es\/es\/wp-json\/wp\/v2\/posts\/3933\/revisions\/4484"}],"wp:featuredmedia":[{"embeddable":true,"href":"https:\/\/ciclesformatius.es\/es\/wp-json\/wp\/v2\/media\/3615"}],"wp:attachment":[{"href":"https:\/\/ciclesformatius.es\/es\/wp-json\/wp\/v2\/media?parent=3933"}],"wp:term":[{"taxonomy":"category","embeddable":true,"href":"https:\/\/ciclesformatius.es\/es\/wp-json\/wp\/v2\/categories?post=3933"},{"taxonomy":"post_tag","embeddable":true,"href":"https:\/\/ciclesformatius.es\/es\/wp-json\/wp\/v2\/tags?post=3933"}],"curies":[{"name":"wp","href":"https:\/\/api.w.org\/{rel}","templated":true}]}}