{"id":3929,"date":"2023-10-19T09:12:30","date_gmt":"2023-10-19T09:12:30","guid":{"rendered":"https:\/\/ciclesformatius.es\/asesoria-de-imagen-personal-la-slow-fashion-esta-de-moda\/"},"modified":"2025-10-15T08:12:45","modified_gmt":"2025-10-15T08:12:45","slug":"asesoria-de-imagen-personal-la-slow-fashion-esta-de-moda","status":"publish","type":"post","link":"https:\/\/ciclesformatius.es\/es\/asesoria-de-imagen-personal-la-slow-fashion-esta-de-moda\/","title":{"rendered":"Asesor\u00eda de Imagen Personal: La \u201cSlow Fashion\u201d est\u00e1 de moda"},"content":{"rendered":"\t\t<div data-elementor-type=\"wp-post\" data-elementor-id=\"3929\" class=\"elementor elementor-3929 elementor-1870\" data-elementor-post-type=\"post\">\n\t\t\t\t\t\t<section class=\"elementor-section elementor-top-section elementor-element elementor-element-4bf9b2ac elementor-section-boxed elementor-section-height-default elementor-section-height-default\" data-id=\"4bf9b2ac\" data-element_type=\"section\" data-e-type=\"section\" data-settings=\"{&quot;jet_parallax_layout_list&quot;:[]}\">\n\t\t\t\t\t\t<div class=\"elementor-container elementor-column-gap-default\">\n\t\t\t\t\t<div class=\"elementor-column elementor-col-100 elementor-top-column elementor-element elementor-element-5ae4977e\" data-id=\"5ae4977e\" data-element_type=\"column\" data-e-type=\"column\">\n\t\t\t<div class=\"elementor-widget-wrap elementor-element-populated\">\n\t\t\t\t\t\t<div class=\"elementor-element elementor-element-732d2b5d elementor-widget elementor-widget-text-editor\" data-id=\"732d2b5d\" data-element_type=\"widget\" data-e-type=\"widget\" data-widget_type=\"text-editor.default\">\n\t\t\t\t<div class=\"elementor-widget-container\">\n\t\t\t\t\t\t\t\t\t<h5><strong>\u00bfQu\u00e9 podemos encontrar en una clase del CFGS de Asesor\u00eda de Imagen Personal y Corporativa?<\/strong>Ainhoa \u200b\u200bArcos, alumna de segundo, nos habla de la moda sostenible.<\/h5><p>Aunque el t\u00e9rmino <strong>moda sostenible<\/strong>, tambi\u00e9n conocido como Slow Fashion, es un concepto relativamente nuevo, est\u00e1 revolucionando la industria de la moda.<\/p><p>Las empresas del sector textil son cada vez m\u00e1s conscientes del impacto negativo que supone la producci\u00f3n en masa para la sociedad y el medio ambiente.<\/p><p>Para quien todav\u00eda no lo sepa, cuando hablemos de moda sostenible nos referimos a <b>moda que no supone peligro para el medio ambiente<\/b>. Por eso las marcas buscan continuamente ser reconocidas como sostenibles.<\/p><p><b>\u00bfC\u00f3mo lo consiguen?<\/b><\/p><p>A trav\u00e9s de la elaboraci\u00f3n de peque\u00f1as colecciones confeccionadas con recursos naturales, fomentando el respeto de los derechos laborales de los trabajadores, promoviendo el reciclaje y reutilizaci\u00f3n, etc.<\/p><p><b>Ejemplos<\/b><\/p><p>Aqu\u00ed tienes tres empresas que se han subido al tren de la Slow Fashion:<\/p><ul><li style=\"list-style-type: none;\">\u00a0<\/li><\/ul><ul><li style=\"list-style-type: none;\"><strong><img decoding=\"async\" class=\"alignnone\" src=\"https:\/\/ciclesformatius.es\/wp-content\/uploads\/2023\/10\/ciclo-formativo_asesoria-imagen-300x300.png\" alt=\"grau superior assessoria imatge personal i corporativa\" width=\"212\" height=\"212\" \/><\/strong><ul><li><strong>Levi\u2019s:<\/strong> Es consciente de la problem\u00e1tica del cambio clim\u00e1tico y por eso ha logrado reducir el uso de recursos empleados para la producci\u00f3n de piezas, generando menos residuos.<\/li><\/ul><\/li><\/ul><ul><li style=\"list-style-type: none;\"><ul><li><strong>Lola Casademunt:<\/strong> En la temporada de primavera-verano 2021, ahorraron m\u00e1s de 900 kilos de pl\u00e1stico y para 2025 se han propuesto ser 100% sostenibles.<\/li><\/ul><\/li><\/ul><ul><li style=\"list-style-type: none;\"><ul><li><strong>Pretty Ballerinas:<\/strong> Les seves sabates estan completament fabricades amb fibres reciclades de teixits naturals com cot\u00f3 org\u00e0nic i retalls de peces usades.<\/li><\/ul><\/li><\/ul><p>La moda sostenible no es una tendencia pasajera, ha venido para quedarse. Esto lo aprendemos en el <a href=\"https:\/\/ciclesformatius.es\/es\/ciclos-formativos-imagen\/cfgs-asesoria-imagen-personal-y-corporativa\/\"><strong>Ciclo Formativo de Grado Superior de Asesor\u00eda de Imagen Personal y Corporativa<\/strong><\/a>.<\/p><p>Puede ver m\u00e1s contenido de las clases del <b>CFGS de Asesor\u00eda de Imagen Personal y Corporativa<\/b> en nuestras redes sociales de Balmes Image.:<\/p><ul><li style=\"list-style-type: none;\">\u00a0<\/li><\/ul><ul><li style=\"list-style-type: none;\"><ul><li><a href=\"https:\/\/www.instagram.com\/balmesimage\/\"><strong>Instagram<\/strong><\/a><\/li><li><a href=\"https:\/\/www.tiktok.com\/@balmesimage?lang=es\"><strong>TikTok<\/strong><\/a><\/li><\/ul><\/li><\/ul><p><img fetchpriority=\"high\" decoding=\"async\" class=\"alignnone\" src=\"https:\/\/ciclesformatius.es\/wp-content\/uploads\/2023\/10\/Ainhoa-Arcos-alumna-de-2o-del-CFGS-Asesoria-de-Imagen-Personal-y-Corporativa-540-x-540-px-1-300x300.png\" alt=\"grau superior assessoria imatge personal i corporativa\" width=\"235\" height=\"235\" \/><\/p><figure><\/figure>\t\t\t\t\t\t\t\t<\/div>\n\t\t\t\t<\/div>\n\t\t\t\t\t<\/div>\n\t\t<\/div>\n\t\t\t\t\t<\/div>\n\t\t<\/section>\n\t\t\t\t<section class=\"elementor-section elementor-top-section elementor-element elementor-element-647ccc1 elementor-section-boxed elementor-section-height-default elementor-section-height-default\" data-id=\"647ccc1\" data-element_type=\"section\" data-e-type=\"section\" data-settings=\"{&quot;jet_parallax_layout_list&quot;:[]}\">\n\t\t\t\t\t\t<div class=\"elementor-container elementor-column-gap-default\">\n\t\t\t\t\t<div class=\"elementor-column elementor-col-100 elementor-top-column elementor-element elementor-element-463d9a3\" data-id=\"463d9a3\" data-element_type=\"column\" data-e-type=\"column\">\n\t\t\t<div class=\"elementor-widget-wrap\">\n\t\t\t\t\t\t\t<\/div>\n\t\t<\/div>\n\t\t\t\t\t<\/div>\n\t\t<\/section>\n\t\t\t\t<\/div>\n\t\t","protected":false},"excerpt":{"rendered":"<p>\u00bfQu\u00e9 podemos encontrar en una clase del CFGS de Asesor\u00eda de Imagen Personal y Corporativa?Ainhoa \u200b\u200bArcos, alumna de segundo, nos habla de la moda sostenible. Aunque el t\u00e9rmino moda sostenible, tambi\u00e9n conocido como Slow Fashion, es un concepto relativamente nuevo, est\u00e1 revolucionando la industria de la moda. Las empresas del sector textil son cada vez &#8230; <a title=\"Asesor\u00eda de Imagen Personal: La \u201cSlow Fashion\u201d est\u00e1 de moda\" class=\"read-more\" href=\"https:\/\/ciclesformatius.es\/es\/asesoria-de-imagen-personal-la-slow-fashion-esta-de-moda\/\" aria-label=\"Leer m\u00e1s sobre Asesor\u00eda de Imagen Personal: La \u201cSlow Fashion\u201d est\u00e1 de moda\">Leer m\u00e1s<\/a><\/p>\n","protected":false},"author":2,"featured_media":3627,"comment_status":"open","ping_status":"open","sticky":false,"template":"","format":"standard","meta":{"inline_featured_image":false,"footnotes":""},"categories":[38],"tags":[41,35,33,34],"class_list":["post-3929","post","type-post","status-publish","format-standard","has-post-thumbnail","hentry","category-imagen-personal","tag-asesoriaimagenpersonal-es","tag-balmesciclos","tag-formacion-profesional","tag-fpbalmes-es"],"yoast_head":"<!-- This site is optimized with the Yoast SEO plugin v27.4 - https:\/\/yoast.com\/product\/yoast-seo-wordpress\/ -->\n<title>CFGS Asesor\u00eda Imagen Personal y Corporativa<\/title>\n<meta name=\"description\" content=\"Explora una nueva visi\u00f3n del CFGS asesor\u00eda de imagen personal basada en el slow fashion: est\u00e9tica responsable, conciencia y estilo \u00fanico.\" \/>\n<meta name=\"robots\" content=\"index, follow, max-snippet:-1, max-image-preview:large, max-video-preview:-1\" \/>\n<link rel=\"canonical\" href=\"https:\/\/ciclesformatius.es\/es\/asesoria-de-imagen-personal-la-slow-fashion-esta-de-moda\/\" \/>\n<meta property=\"og:locale\" content=\"es_ES\" \/>\n<meta property=\"og:type\" content=\"article\" \/>\n<meta property=\"og:title\" content=\"CFGS Asesor\u00eda Imagen Personal y Corporativa\" \/>\n<meta property=\"og:description\" content=\"Explora una nueva visi\u00f3n del CFGS asesor\u00eda de imagen personal basada en el slow fashion: est\u00e9tica responsable, conciencia y estilo \u00fanico.\" \/>\n<meta property=\"og:url\" content=\"https:\/\/ciclesformatius.es\/es\/asesoria-de-imagen-personal-la-slow-fashion-esta-de-moda\/\" \/>\n<meta property=\"og:site_name\" content=\"Cicles Formatius Jaume Balmes\" \/>\n<meta property=\"article:publisher\" content=\"https:\/\/www.facebook.com\/cejaumebalmes\" \/>\n<meta property=\"article:published_time\" content=\"2023-10-19T09:12:30+00:00\" \/>\n<meta property=\"article:modified_time\" content=\"2025-10-15T08:12:45+00:00\" \/>\n<meta property=\"og:image\" content=\"https:\/\/ciclesformatius.es\/wp-content\/uploads\/2023\/10\/ciclo-formativo-asesoria-imagen-1024x1024.png\" \/>\n\t<meta property=\"og:image:width\" content=\"1024\" \/>\n\t<meta property=\"og:image:height\" content=\"1024\" \/>\n\t<meta property=\"og:image:type\" content=\"image\/png\" \/>\n<meta name=\"author\" content=\"Alba Medina\" \/>\n<meta name=\"twitter:card\" content=\"summary_large_image\" \/>\n<meta name=\"twitter:creator\" content=\"@cejaumebalmes\" \/>\n<meta name=\"twitter:site\" content=\"@cejaumebalmes\" \/>\n<meta name=\"twitter:label1\" content=\"Escrito por\" \/>\n\t<meta name=\"twitter:data1\" content=\"Alba Medina\" \/>\n\t<meta name=\"twitter:label2\" content=\"Tiempo de lectura\" \/>\n\t<meta name=\"twitter:data2\" content=\"2 minutos\" \/>\n<script type=\"application\/ld+json\" class=\"yoast-schema-graph\">{\"@context\":\"https:\\\/\\\/schema.org\",\"@graph\":[{\"@type\":\"Article\",\"@id\":\"https:\\\/\\\/ciclesformatius.es\\\/es\\\/asesoria-de-imagen-personal-la-slow-fashion-esta-de-moda\\\/#article\",\"isPartOf\":{\"@id\":\"https:\\\/\\\/ciclesformatius.es\\\/es\\\/asesoria-de-imagen-personal-la-slow-fashion-esta-de-moda\\\/\"},\"author\":{\"name\":\"Alba Medina\",\"@id\":\"https:\\\/\\\/ciclesformatius.es\\\/es\\\/#\\\/schema\\\/person\\\/3ceae0d42c2a35087d8b3039cb60deda\"},\"headline\":\"Asesor\u00eda de Imagen Personal: La \u201cSlow Fashion\u201d est\u00e1 de moda\",\"datePublished\":\"2023-10-19T09:12:30+00:00\",\"dateModified\":\"2025-10-15T08:12:45+00:00\",\"mainEntityOfPage\":{\"@id\":\"https:\\\/\\\/ciclesformatius.es\\\/es\\\/asesoria-de-imagen-personal-la-slow-fashion-esta-de-moda\\\/\"},\"wordCount\":309,\"commentCount\":0,\"publisher\":{\"@id\":\"https:\\\/\\\/ciclesformatius.es\\\/es\\\/#organization\"},\"image\":{\"@id\":\"https:\\\/\\\/ciclesformatius.es\\\/es\\\/asesoria-de-imagen-personal-la-slow-fashion-esta-de-moda\\\/#primaryimage\"},\"thumbnailUrl\":\"https:\\\/\\\/ciclesformatius.es\\\/wp-content\\\/uploads\\\/2023\\\/10\\\/ciclo-formativo-asesoria-imagen.png\",\"keywords\":[\"asesoriaimagenpersonal\",\"balmesciclos\",\"formaci\u00f3n profesional\",\"fpbalmes\"],\"articleSection\":[\"Imagen Personal\"],\"inLanguage\":\"es\",\"potentialAction\":[{\"@type\":\"CommentAction\",\"name\":\"Comment\",\"target\":[\"https:\\\/\\\/ciclesformatius.es\\\/es\\\/asesoria-de-imagen-personal-la-slow-fashion-esta-de-moda\\\/#respond\"]}]},{\"@type\":\"WebPage\",\"@id\":\"https:\\\/\\\/ciclesformatius.es\\\/es\\\/asesoria-de-imagen-personal-la-slow-fashion-esta-de-moda\\\/\",\"url\":\"https:\\\/\\\/ciclesformatius.es\\\/es\\\/asesoria-de-imagen-personal-la-slow-fashion-esta-de-moda\\\/\",\"name\":\"CFGS Asesor\u00eda Imagen Personal y Corporativa\",\"isPartOf\":{\"@id\":\"https:\\\/\\\/ciclesformatius.es\\\/es\\\/#website\"},\"primaryImageOfPage\":{\"@id\":\"https:\\\/\\\/ciclesformatius.es\\\/es\\\/asesoria-de-imagen-personal-la-slow-fashion-esta-de-moda\\\/#primaryimage\"},\"image\":{\"@id\":\"https:\\\/\\\/ciclesformatius.es\\\/es\\\/asesoria-de-imagen-personal-la-slow-fashion-esta-de-moda\\\/#primaryimage\"},\"thumbnailUrl\":\"https:\\\/\\\/ciclesformatius.es\\\/wp-content\\\/uploads\\\/2023\\\/10\\\/ciclo-formativo-asesoria-imagen.png\",\"datePublished\":\"2023-10-19T09:12:30+00:00\",\"dateModified\":\"2025-10-15T08:12:45+00:00\",\"description\":\"Explora una nueva visi\u00f3n del CFGS asesor\u00eda de imagen personal basada en el slow fashion: est\u00e9tica responsable, conciencia y estilo \u00fanico.\",\"breadcrumb\":{\"@id\":\"https:\\\/\\\/ciclesformatius.es\\\/es\\\/asesoria-de-imagen-personal-la-slow-fashion-esta-de-moda\\\/#breadcrumb\"},\"inLanguage\":\"es\",\"potentialAction\":[{\"@type\":\"ReadAction\",\"target\":[\"https:\\\/\\\/ciclesformatius.es\\\/es\\\/asesoria-de-imagen-personal-la-slow-fashion-esta-de-moda\\\/\"]}]},{\"@type\":\"ImageObject\",\"inLanguage\":\"es\",\"@id\":\"https:\\\/\\\/ciclesformatius.es\\\/es\\\/asesoria-de-imagen-personal-la-slow-fashion-esta-de-moda\\\/#primaryimage\",\"url\":\"https:\\\/\\\/ciclesformatius.es\\\/wp-content\\\/uploads\\\/2023\\\/10\\\/ciclo-formativo-asesoria-imagen.png\",\"contentUrl\":\"https:\\\/\\\/ciclesformatius.es\\\/wp-content\\\/uploads\\\/2023\\\/10\\\/ciclo-formativo-asesoria-imagen.png\",\"width\":1080,\"height\":1080,\"caption\":\"CFGS assessoria d'imatge personal\"},{\"@type\":\"BreadcrumbList\",\"@id\":\"https:\\\/\\\/ciclesformatius.es\\\/es\\\/asesoria-de-imagen-personal-la-slow-fashion-esta-de-moda\\\/#breadcrumb\",\"itemListElement\":[{\"@type\":\"ListItem\",\"position\":1,\"name\":\"Inici\",\"item\":\"https:\\\/\\\/ciclesformatius.es\\\/es\\\/inicio\\\/\"},{\"@type\":\"ListItem\",\"position\":2,\"name\":\"Asesor\u00eda de Imagen Personal: La \u201cSlow Fashion\u201d est\u00e1 de moda\"}]},{\"@type\":\"WebSite\",\"@id\":\"https:\\\/\\\/ciclesformatius.es\\\/es\\\/#website\",\"url\":\"https:\\\/\\\/ciclesformatius.es\\\/es\\\/\",\"name\":\"Cicles Formatius Jaume Balmes\",\"description\":\"\",\"publisher\":{\"@id\":\"https:\\\/\\\/ciclesformatius.es\\\/es\\\/#organization\"},\"potentialAction\":[{\"@type\":\"SearchAction\",\"target\":{\"@type\":\"EntryPoint\",\"urlTemplate\":\"https:\\\/\\\/ciclesformatius.es\\\/es\\\/?s={search_term_string}\"},\"query-input\":{\"@type\":\"PropertyValueSpecification\",\"valueRequired\":true,\"valueName\":\"search_term_string\"}}],\"inLanguage\":\"es\"},{\"@type\":\"Organization\",\"@id\":\"https:\\\/\\\/ciclesformatius.es\\\/es\\\/#organization\",\"name\":\"Centre d'Estudis Jaume Balmes\",\"url\":\"https:\\\/\\\/ciclesformatius.es\\\/es\\\/\",\"logo\":{\"@type\":\"ImageObject\",\"inLanguage\":\"es\",\"@id\":\"https:\\\/\\\/ciclesformatius.es\\\/es\\\/#\\\/schema\\\/logo\\\/image\\\/\",\"url\":\"https:\\\/\\\/ciclesformatius.es\\\/wp-content\\\/uploads\\\/2023\\\/01\\\/balmes-01.svg\",\"contentUrl\":\"https:\\\/\\\/ciclesformatius.es\\\/wp-content\\\/uploads\\\/2023\\\/01\\\/balmes-01.svg\",\"caption\":\"Centre d'Estudis Jaume Balmes\"},\"image\":{\"@id\":\"https:\\\/\\\/ciclesformatius.es\\\/es\\\/#\\\/schema\\\/logo\\\/image\\\/\"},\"sameAs\":[\"https:\\\/\\\/www.facebook.com\\\/cejaumebalmes\",\"https:\\\/\\\/x.com\\\/cejaumebalmes\"]},{\"@type\":\"Person\",\"@id\":\"https:\\\/\\\/ciclesformatius.es\\\/es\\\/#\\\/schema\\\/person\\\/3ceae0d42c2a35087d8b3039cb60deda\",\"name\":\"Alba Medina\",\"image\":{\"@type\":\"ImageObject\",\"inLanguage\":\"es\",\"@id\":\"https:\\\/\\\/secure.gravatar.com\\\/avatar\\\/a1f456bed3f96b0df1cdf47b5af3103fcc8d9c5970530249d90e9baddc9aaba9?s=96&d=mm&r=g\",\"url\":\"https:\\\/\\\/secure.gravatar.com\\\/avatar\\\/a1f456bed3f96b0df1cdf47b5af3103fcc8d9c5970530249d90e9baddc9aaba9?s=96&d=mm&r=g\",\"contentUrl\":\"https:\\\/\\\/secure.gravatar.com\\\/avatar\\\/a1f456bed3f96b0df1cdf47b5af3103fcc8d9c5970530249d90e9baddc9aaba9?s=96&d=mm&r=g\",\"caption\":\"Alba Medina\"}}]}<\/script>\n<!-- \/ Yoast SEO plugin. -->","yoast_head_json":{"title":"CFGS Asesor\u00eda Imagen Personal y Corporativa","description":"Explora una nueva visi\u00f3n del CFGS asesor\u00eda de imagen personal basada en el slow fashion: est\u00e9tica responsable, conciencia y estilo \u00fanico.","robots":{"index":"index","follow":"follow","max-snippet":"max-snippet:-1","max-image-preview":"max-image-preview:large","max-video-preview":"max-video-preview:-1"},"canonical":"https:\/\/ciclesformatius.es\/es\/asesoria-de-imagen-personal-la-slow-fashion-esta-de-moda\/","og_locale":"es_ES","og_type":"article","og_title":"CFGS Asesor\u00eda Imagen Personal y Corporativa","og_description":"Explora una nueva visi\u00f3n del CFGS asesor\u00eda de imagen personal basada en el slow fashion: est\u00e9tica responsable, conciencia y estilo \u00fanico.","og_url":"https:\/\/ciclesformatius.es\/es\/asesoria-de-imagen-personal-la-slow-fashion-esta-de-moda\/","og_site_name":"Cicles Formatius Jaume Balmes","article_publisher":"https:\/\/www.facebook.com\/cejaumebalmes","article_published_time":"2023-10-19T09:12:30+00:00","article_modified_time":"2025-10-15T08:12:45+00:00","og_image":[{"width":1024,"height":1024,"url":"https:\/\/ciclesformatius.es\/wp-content\/uploads\/2023\/10\/ciclo-formativo-asesoria-imagen-1024x1024.png","type":"image\/png"}],"author":"Alba Medina","twitter_card":"summary_large_image","twitter_creator":"@cejaumebalmes","twitter_site":"@cejaumebalmes","twitter_misc":{"Escrito por":"Alba Medina","Tiempo de lectura":"2 minutos"},"schema":{"@context":"https:\/\/schema.org","@graph":[{"@type":"Article","@id":"https:\/\/ciclesformatius.es\/es\/asesoria-de-imagen-personal-la-slow-fashion-esta-de-moda\/#article","isPartOf":{"@id":"https:\/\/ciclesformatius.es\/es\/asesoria-de-imagen-personal-la-slow-fashion-esta-de-moda\/"},"author":{"name":"Alba Medina","@id":"https:\/\/ciclesformatius.es\/es\/#\/schema\/person\/3ceae0d42c2a35087d8b3039cb60deda"},"headline":"Asesor\u00eda de Imagen Personal: La \u201cSlow Fashion\u201d est\u00e1 de moda","datePublished":"2023-10-19T09:12:30+00:00","dateModified":"2025-10-15T08:12:45+00:00","mainEntityOfPage":{"@id":"https:\/\/ciclesformatius.es\/es\/asesoria-de-imagen-personal-la-slow-fashion-esta-de-moda\/"},"wordCount":309,"commentCount":0,"publisher":{"@id":"https:\/\/ciclesformatius.es\/es\/#organization"},"image":{"@id":"https:\/\/ciclesformatius.es\/es\/asesoria-de-imagen-personal-la-slow-fashion-esta-de-moda\/#primaryimage"},"thumbnailUrl":"https:\/\/ciclesformatius.es\/wp-content\/uploads\/2023\/10\/ciclo-formativo-asesoria-imagen.png","keywords":["asesoriaimagenpersonal","balmesciclos","formaci\u00f3n profesional","fpbalmes"],"articleSection":["Imagen Personal"],"inLanguage":"es","potentialAction":[{"@type":"CommentAction","name":"Comment","target":["https:\/\/ciclesformatius.es\/es\/asesoria-de-imagen-personal-la-slow-fashion-esta-de-moda\/#respond"]}]},{"@type":"WebPage","@id":"https:\/\/ciclesformatius.es\/es\/asesoria-de-imagen-personal-la-slow-fashion-esta-de-moda\/","url":"https:\/\/ciclesformatius.es\/es\/asesoria-de-imagen-personal-la-slow-fashion-esta-de-moda\/","name":"CFGS Asesor\u00eda Imagen Personal y Corporativa","isPartOf":{"@id":"https:\/\/ciclesformatius.es\/es\/#website"},"primaryImageOfPage":{"@id":"https:\/\/ciclesformatius.es\/es\/asesoria-de-imagen-personal-la-slow-fashion-esta-de-moda\/#primaryimage"},"image":{"@id":"https:\/\/ciclesformatius.es\/es\/asesoria-de-imagen-personal-la-slow-fashion-esta-de-moda\/#primaryimage"},"thumbnailUrl":"https:\/\/ciclesformatius.es\/wp-content\/uploads\/2023\/10\/ciclo-formativo-asesoria-imagen.png","datePublished":"2023-10-19T09:12:30+00:00","dateModified":"2025-10-15T08:12:45+00:00","description":"Explora una nueva visi\u00f3n del CFGS asesor\u00eda de imagen personal basada en el slow fashion: est\u00e9tica responsable, conciencia y estilo \u00fanico.","breadcrumb":{"@id":"https:\/\/ciclesformatius.es\/es\/asesoria-de-imagen-personal-la-slow-fashion-esta-de-moda\/#breadcrumb"},"inLanguage":"es","potentialAction":[{"@type":"ReadAction","target":["https:\/\/ciclesformatius.es\/es\/asesoria-de-imagen-personal-la-slow-fashion-esta-de-moda\/"]}]},{"@type":"ImageObject","inLanguage":"es","@id":"https:\/\/ciclesformatius.es\/es\/asesoria-de-imagen-personal-la-slow-fashion-esta-de-moda\/#primaryimage","url":"https:\/\/ciclesformatius.es\/wp-content\/uploads\/2023\/10\/ciclo-formativo-asesoria-imagen.png","contentUrl":"https:\/\/ciclesformatius.es\/wp-content\/uploads\/2023\/10\/ciclo-formativo-asesoria-imagen.png","width":1080,"height":1080,"caption":"CFGS assessoria d'imatge personal"},{"@type":"BreadcrumbList","@id":"https:\/\/ciclesformatius.es\/es\/asesoria-de-imagen-personal-la-slow-fashion-esta-de-moda\/#breadcrumb","itemListElement":[{"@type":"ListItem","position":1,"name":"Inici","item":"https:\/\/ciclesformatius.es\/es\/inicio\/"},{"@type":"ListItem","position":2,"name":"Asesor\u00eda de Imagen Personal: La \u201cSlow Fashion\u201d est\u00e1 de moda"}]},{"@type":"WebSite","@id":"https:\/\/ciclesformatius.es\/es\/#website","url":"https:\/\/ciclesformatius.es\/es\/","name":"Cicles Formatius Jaume Balmes","description":"","publisher":{"@id":"https:\/\/ciclesformatius.es\/es\/#organization"},"potentialAction":[{"@type":"SearchAction","target":{"@type":"EntryPoint","urlTemplate":"https:\/\/ciclesformatius.es\/es\/?s={search_term_string}"},"query-input":{"@type":"PropertyValueSpecification","valueRequired":true,"valueName":"search_term_string"}}],"inLanguage":"es"},{"@type":"Organization","@id":"https:\/\/ciclesformatius.es\/es\/#organization","name":"Centre d'Estudis Jaume Balmes","url":"https:\/\/ciclesformatius.es\/es\/","logo":{"@type":"ImageObject","inLanguage":"es","@id":"https:\/\/ciclesformatius.es\/es\/#\/schema\/logo\/image\/","url":"https:\/\/ciclesformatius.es\/wp-content\/uploads\/2023\/01\/balmes-01.svg","contentUrl":"https:\/\/ciclesformatius.es\/wp-content\/uploads\/2023\/01\/balmes-01.svg","caption":"Centre d'Estudis Jaume Balmes"},"image":{"@id":"https:\/\/ciclesformatius.es\/es\/#\/schema\/logo\/image\/"},"sameAs":["https:\/\/www.facebook.com\/cejaumebalmes","https:\/\/x.com\/cejaumebalmes"]},{"@type":"Person","@id":"https:\/\/ciclesformatius.es\/es\/#\/schema\/person\/3ceae0d42c2a35087d8b3039cb60deda","name":"Alba Medina","image":{"@type":"ImageObject","inLanguage":"es","@id":"https:\/\/secure.gravatar.com\/avatar\/a1f456bed3f96b0df1cdf47b5af3103fcc8d9c5970530249d90e9baddc9aaba9?s=96&d=mm&r=g","url":"https:\/\/secure.gravatar.com\/avatar\/a1f456bed3f96b0df1cdf47b5af3103fcc8d9c5970530249d90e9baddc9aaba9?s=96&d=mm&r=g","contentUrl":"https:\/\/secure.gravatar.com\/avatar\/a1f456bed3f96b0df1cdf47b5af3103fcc8d9c5970530249d90e9baddc9aaba9?s=96&d=mm&r=g","caption":"Alba Medina"}}]}},"_links":{"self":[{"href":"https:\/\/ciclesformatius.es\/es\/wp-json\/wp\/v2\/posts\/3929","targetHints":{"allow":["GET"]}}],"collection":[{"href":"https:\/\/ciclesformatius.es\/es\/wp-json\/wp\/v2\/posts"}],"about":[{"href":"https:\/\/ciclesformatius.es\/es\/wp-json\/wp\/v2\/types\/post"}],"author":[{"embeddable":true,"href":"https:\/\/ciclesformatius.es\/es\/wp-json\/wp\/v2\/users\/2"}],"replies":[{"embeddable":true,"href":"https:\/\/ciclesformatius.es\/es\/wp-json\/wp\/v2\/comments?post=3929"}],"version-history":[{"count":7,"href":"https:\/\/ciclesformatius.es\/es\/wp-json\/wp\/v2\/posts\/3929\/revisions"}],"predecessor-version":[{"id":4548,"href":"https:\/\/ciclesformatius.es\/es\/wp-json\/wp\/v2\/posts\/3929\/revisions\/4548"}],"wp:featuredmedia":[{"embeddable":true,"href":"https:\/\/ciclesformatius.es\/es\/wp-json\/wp\/v2\/media\/3627"}],"wp:attachment":[{"href":"https:\/\/ciclesformatius.es\/es\/wp-json\/wp\/v2\/media?parent=3929"}],"wp:term":[{"taxonomy":"category","embeddable":true,"href":"https:\/\/ciclesformatius.es\/es\/wp-json\/wp\/v2\/categories?post=3929"},{"taxonomy":"post_tag","embeddable":true,"href":"https:\/\/ciclesformatius.es\/es\/wp-json\/wp\/v2\/tags?post=3929"}],"curies":[{"name":"wp","href":"https:\/\/api.w.org\/{rel}","templated":true}]}}