{"id":3917,"date":"2024-02-05T13:01:56","date_gmt":"2024-02-05T13:01:56","guid":{"rendered":"https:\/\/ciclesformatius.es\/el-cfgs-de-telecomunicaciones-va-a-la-upc\/"},"modified":"2025-12-17T08:45:32","modified_gmt":"2025-12-17T08:45:32","slug":"el-cfgs-de-telecomunicaciones-va-a-la-upc","status":"publish","type":"post","link":"https:\/\/ciclesformatius.es\/es\/el-cfgs-de-telecomunicaciones-va-a-la-upc\/","title":{"rendered":"\u00a1El CFGS de Telecomunicaciones va a la UPC!"},"content":{"rendered":"\t\t<div data-elementor-type=\"wp-post\" data-elementor-id=\"3917\" class=\"elementor elementor-3917 elementor-2476\" data-elementor-post-type=\"post\">\n\t\t\t\t\t\t<section class=\"elementor-section elementor-top-section elementor-element elementor-element-4bf9b2ac elementor-section-boxed elementor-section-height-default elementor-section-height-default\" data-id=\"4bf9b2ac\" data-element_type=\"section\" data-e-type=\"section\" data-settings=\"{&quot;jet_parallax_layout_list&quot;:[]}\">\n\t\t\t\t\t\t<div class=\"elementor-container elementor-column-gap-default\">\n\t\t\t\t\t<div class=\"elementor-column elementor-col-100 elementor-top-column elementor-element elementor-element-5ae4977e\" data-id=\"5ae4977e\" data-element_type=\"column\" data-e-type=\"column\">\n\t\t\t<div class=\"elementor-widget-wrap elementor-element-populated\">\n\t\t\t\t\t\t<div class=\"elementor-element elementor-element-732d2b5d elementor-widget__width-initial elementor-widget elementor-widget-text-editor\" data-id=\"732d2b5d\" data-element_type=\"widget\" data-e-type=\"widget\" data-widget_type=\"text-editor.default\">\n\t\t\t\t<div class=\"elementor-widget-container\">\n\t\t\t\t\t\t\t\t\t<p>El <strong>Ciclo Formativo de Grado Superior de Sistemas de Telecomunicaciones e inform\u00e1ticos<\/strong> se caracteriza por su metodolog\u00eda pr\u00e1ctica.<\/p><p>Adem\u00e1s de las clases en el Balmes, nuestro alumnado hace salidas que enriquecen su formaci\u00f3n y, adem\u00e1s, les dan una visi\u00f3n m\u00e1s real de lo que estudian.<\/p><p><strong><img fetchpriority=\"high\" decoding=\"async\" class=\"alignleft wp-image-2498 size-medium\" src=\"https:\/\/ciclesformatius.es\/wp-content\/uploads\/2024\/02\/2-300x300.png\" alt=\"CFGS de Telecomunicaciones\" width=\"300\" height=\"300\" srcset=\"https:\/\/ciclesformatius.es\/wp-content\/uploads\/2024\/02\/2-300x300.png 300w, https:\/\/ciclesformatius.es\/wp-content\/uploads\/2024\/02\/2-1024x1024.png 1024w, https:\/\/ciclesformatius.es\/wp-content\/uploads\/2024\/02\/2-150x150.png 150w, https:\/\/ciclesformatius.es\/wp-content\/uploads\/2024\/02\/2-768x768.png 768w, https:\/\/ciclesformatius.es\/wp-content\/uploads\/2024\/02\/2.png 1080w\" sizes=\"(max-width: 300px) 100vw, 300px\" \/><\/strong>Un ejemplo fue la semana pasada, cuando el alumnado del CFGS de Sistemas de Telecomunicaciones e inform\u00e1ticos hicieron una salida a la UPC para asistir a un <strong>taller de ciberseguridad y criptograf\u00eda.<\/strong><\/p><p>En este, aprendieron cosas muy interesantes que podr\u00e1n aplicar m\u00e1s adelante y que complementa su formaci\u00f3n en el aula.<\/p><p>Adem\u00e1s, pudieron entrar en el <strong><a href=\"https:\/\/web.nanosatlab.space\/\" target=\"_blank\" rel=\"noopener\">Laboratorio de Nanosat\u00e9lites y Cargas \u00datiles<\/a> <\/strong>(UPC NanoSat Lab), una iniciativa interdepartamental que pertenece a la Escuela T\u00e9cnica Superior de Engenier\u00eda de Telecomunicaci\u00f3n de Barcelona (<a href=\"https:\/\/telecos.upc.edu\/ca\"><span class=\"hiddenSpellError\">ETSETB<\/span> &#8211; <span class=\"hiddenSpellError\">TelecomBCN<\/span><\/a>).<\/p><p><strong><img decoding=\"async\" class=\"alignright wp-image-2497 size-medium\" src=\"https:\/\/ciclesformatius.es\/wp-content\/uploads\/2024\/02\/1-300x300.png\" alt=\"CFGS de Telecomunicaciones\" width=\"300\" height=\"300\" srcset=\"https:\/\/ciclesformatius.es\/wp-content\/uploads\/2024\/02\/1-300x300.png 300w, https:\/\/ciclesformatius.es\/wp-content\/uploads\/2024\/02\/1-1024x1024.png 1024w, https:\/\/ciclesformatius.es\/wp-content\/uploads\/2024\/02\/1-150x150.png 150w, https:\/\/ciclesformatius.es\/wp-content\/uploads\/2024\/02\/1-768x768.png 768w, https:\/\/ciclesformatius.es\/wp-content\/uploads\/2024\/02\/1.png 1080w\" sizes=\"(max-width: 300px) 100vw, 300px\" \/><\/strong><\/p><p>Su actividad principal es el dise\u00f1o y desarrollo de misiones de nanosat\u00e9lites y explorar conceptos innovadores de sistemas de peque\u00f1as naves espaciales, entre otros.<\/p><p>Fue una experiencia muy enriquecedora e interesante.<\/p><p><strong>Si quieres conocer m\u00e1s de este ciclo, haz clic en el bot\u00f3n.<\/strong><\/p><figure><\/figure>\t\t\t\t\t\t\t\t<\/div>\n\t\t\t\t<\/div>\n\t\t\t\t<div class=\"elementor-element elementor-element-916f548 elementor-align-left elementor-widget elementor-widget-button\" data-id=\"916f548\" data-element_type=\"widget\" data-e-type=\"widget\" data-widget_type=\"button.default\">\n\t\t\t\t<div class=\"elementor-widget-container\">\n\t\t\t\t\t\t\t\t\t<div class=\"elementor-button-wrapper\">\n\t\t\t\t\t<a class=\"elementor-button elementor-button-link elementor-size-sm\" href=\"https:\/\/ciclesformatius.es\/es\/cicles-formatius-tecnologies\/cfgs-sistemas-de-telecomunicaciones-e-informaticos\/\">\n\t\t\t\t\t\t<span class=\"elementor-button-content-wrapper\">\n\t\t\t\t\t\t\t\t\t<span class=\"elementor-button-text\">\u00a1Quiero m\u00e1s informaci\u00f3n!<\/span>\n\t\t\t\t\t<\/span>\n\t\t\t\t\t<\/a>\n\t\t\t\t<\/div>\n\t\t\t\t\t\t\t\t<\/div>\n\t\t\t\t<\/div>\n\t\t\t\t\t<\/div>\n\t\t<\/div>\n\t\t\t\t\t<\/div>\n\t\t<\/section>\n\t\t\t\t<\/div>\n\t\t","protected":false},"excerpt":{"rendered":"<p>El Ciclo Formativo de Grado Superior de Sistemas de Telecomunicaciones e inform\u00e1ticos se caracteriza por su metodolog\u00eda pr\u00e1ctica. Adem\u00e1s de las clases en el Balmes, nuestro alumnado hace salidas que enriquecen su formaci\u00f3n y, adem\u00e1s, les dan una visi\u00f3n m\u00e1s real de lo que estudian. Un ejemplo fue la semana pasada, cuando el alumnado del &#8230; <a title=\"\u00a1El CFGS de Telecomunicaciones va a la UPC!\" class=\"read-more\" href=\"https:\/\/ciclesformatius.es\/es\/el-cfgs-de-telecomunicaciones-va-a-la-upc\/\" aria-label=\"Leer m\u00e1s sobre \u00a1El CFGS de Telecomunicaciones va a la UPC!\">Leer m\u00e1s<\/a><\/p>\n","protected":false},"author":2,"featured_media":3725,"comment_status":"open","ping_status":"open","sticky":false,"template":"","format":"standard","meta":{"inline_featured_image":false,"footnotes":""},"categories":[25],"tags":[35,40,33,34,39],"class_list":["post-3917","post","type-post","status-publish","format-standard","has-post-thumbnail","hentry","category-sin-categoria","tag-balmesciclos","tag-cfgs-telecomunicaciones","tag-formacion-profesional","tag-fpbalmes-es","tag-telecomunicaciones"],"yoast_head":"<!-- This site is optimized with the Yoast SEO plugin v27.4 - https:\/\/yoast.com\/product\/yoast-seo-wordpress\/ -->\n<title>CFGS de Telecomunicaciones i Sistemas Inform\u00e1ticos<\/title>\n<meta name=\"description\" content=\"El alumnado del CFGS de Sistemas de Telecomunicaciones y Sistemas Inform\u00e1ticos hace una salida a la UPC y visita lo NanoSat Lab.\" \/>\n<meta name=\"robots\" content=\"index, follow, max-snippet:-1, max-image-preview:large, max-video-preview:-1\" \/>\n<link rel=\"canonical\" href=\"https:\/\/ciclesformatius.es\/es\/el-cfgs-de-telecomunicaciones-va-a-la-upc\/\" \/>\n<meta property=\"og:locale\" content=\"es_ES\" \/>\n<meta property=\"og:type\" content=\"article\" \/>\n<meta property=\"og:title\" content=\"CFGS de Telecomunicaciones i Sistemas Inform\u00e1ticos\" \/>\n<meta property=\"og:description\" content=\"El alumnado del CFGS de Sistemas de Telecomunicaciones y Sistemas Inform\u00e1ticos hace una salida a la UPC y visita lo NanoSat Lab.\" \/>\n<meta property=\"og:url\" content=\"https:\/\/ciclesformatius.es\/es\/el-cfgs-de-telecomunicaciones-va-a-la-upc\/\" \/>\n<meta property=\"og:site_name\" content=\"Cicles Formatius Jaume Balmes\" \/>\n<meta property=\"article:publisher\" content=\"https:\/\/www.facebook.com\/cejaumebalmes\" \/>\n<meta property=\"article:published_time\" content=\"2024-02-05T13:01:56+00:00\" \/>\n<meta property=\"article:modified_time\" content=\"2025-12-17T08:45:32+00:00\" \/>\n<meta property=\"og:image\" content=\"https:\/\/ciclesformatius.es\/wp-content\/uploads\/2024\/02\/1.png\" \/>\n\t<meta property=\"og:image:width\" content=\"1080\" \/>\n\t<meta property=\"og:image:height\" content=\"1080\" \/>\n\t<meta property=\"og:image:type\" content=\"image\/png\" \/>\n<meta name=\"author\" content=\"Alba Medina\" \/>\n<meta name=\"twitter:card\" content=\"summary_large_image\" \/>\n<meta name=\"twitter:creator\" content=\"@cejaumebalmes\" \/>\n<meta name=\"twitter:site\" content=\"@cejaumebalmes\" \/>\n<meta name=\"twitter:label1\" content=\"Escrito por\" \/>\n\t<meta name=\"twitter:data1\" content=\"Alba Medina\" \/>\n\t<meta name=\"twitter:label2\" content=\"Tiempo de lectura\" \/>\n\t<meta name=\"twitter:data2\" content=\"2 minutos\" \/>\n<script type=\"application\/ld+json\" class=\"yoast-schema-graph\">{\"@context\":\"https:\\\/\\\/schema.org\",\"@graph\":[{\"@type\":\"Article\",\"@id\":\"https:\\\/\\\/ciclesformatius.es\\\/es\\\/el-cfgs-de-telecomunicaciones-va-a-la-upc\\\/#article\",\"isPartOf\":{\"@id\":\"https:\\\/\\\/ciclesformatius.es\\\/es\\\/el-cfgs-de-telecomunicaciones-va-a-la-upc\\\/\"},\"author\":{\"name\":\"Alba Medina\",\"@id\":\"https:\\\/\\\/ciclesformatius.es\\\/es\\\/#\\\/schema\\\/person\\\/3ceae0d42c2a35087d8b3039cb60deda\"},\"headline\":\"\u00a1El CFGS de Telecomunicaciones va a la UPC!\",\"datePublished\":\"2024-02-05T13:01:56+00:00\",\"dateModified\":\"2025-12-17T08:45:32+00:00\",\"mainEntityOfPage\":{\"@id\":\"https:\\\/\\\/ciclesformatius.es\\\/es\\\/el-cfgs-de-telecomunicaciones-va-a-la-upc\\\/\"},\"wordCount\":208,\"commentCount\":0,\"publisher\":{\"@id\":\"https:\\\/\\\/ciclesformatius.es\\\/es\\\/#organization\"},\"image\":{\"@id\":\"https:\\\/\\\/ciclesformatius.es\\\/es\\\/el-cfgs-de-telecomunicaciones-va-a-la-upc\\\/#primaryimage\"},\"thumbnailUrl\":\"https:\\\/\\\/ciclesformatius.es\\\/wp-content\\\/uploads\\\/2024\\\/02\\\/1.png\",\"keywords\":[\"balmesciclos\",\"cfgs telecomunicaciones\",\"formaci\u00f3n profesional\",\"fpbalmes\",\"telecomunicaciones\"],\"inLanguage\":\"es\",\"potentialAction\":[{\"@type\":\"CommentAction\",\"name\":\"Comment\",\"target\":[\"https:\\\/\\\/ciclesformatius.es\\\/es\\\/el-cfgs-de-telecomunicaciones-va-a-la-upc\\\/#respond\"]}]},{\"@type\":\"WebPage\",\"@id\":\"https:\\\/\\\/ciclesformatius.es\\\/es\\\/el-cfgs-de-telecomunicaciones-va-a-la-upc\\\/\",\"url\":\"https:\\\/\\\/ciclesformatius.es\\\/es\\\/el-cfgs-de-telecomunicaciones-va-a-la-upc\\\/\",\"name\":\"CFGS de Telecomunicaciones i Sistemas Inform\u00e1ticos\",\"isPartOf\":{\"@id\":\"https:\\\/\\\/ciclesformatius.es\\\/es\\\/#website\"},\"primaryImageOfPage\":{\"@id\":\"https:\\\/\\\/ciclesformatius.es\\\/es\\\/el-cfgs-de-telecomunicaciones-va-a-la-upc\\\/#primaryimage\"},\"image\":{\"@id\":\"https:\\\/\\\/ciclesformatius.es\\\/es\\\/el-cfgs-de-telecomunicaciones-va-a-la-upc\\\/#primaryimage\"},\"thumbnailUrl\":\"https:\\\/\\\/ciclesformatius.es\\\/wp-content\\\/uploads\\\/2024\\\/02\\\/1.png\",\"datePublished\":\"2024-02-05T13:01:56+00:00\",\"dateModified\":\"2025-12-17T08:45:32+00:00\",\"description\":\"El alumnado del CFGS de Sistemas de Telecomunicaciones y Sistemas Inform\u00e1ticos hace una salida a la UPC y visita lo NanoSat Lab.\",\"breadcrumb\":{\"@id\":\"https:\\\/\\\/ciclesformatius.es\\\/es\\\/el-cfgs-de-telecomunicaciones-va-a-la-upc\\\/#breadcrumb\"},\"inLanguage\":\"es\",\"potentialAction\":[{\"@type\":\"ReadAction\",\"target\":[\"https:\\\/\\\/ciclesformatius.es\\\/es\\\/el-cfgs-de-telecomunicaciones-va-a-la-upc\\\/\"]}]},{\"@type\":\"ImageObject\",\"inLanguage\":\"es\",\"@id\":\"https:\\\/\\\/ciclesformatius.es\\\/es\\\/el-cfgs-de-telecomunicaciones-va-a-la-upc\\\/#primaryimage\",\"url\":\"https:\\\/\\\/ciclesformatius.es\\\/wp-content\\\/uploads\\\/2024\\\/02\\\/1.png\",\"contentUrl\":\"https:\\\/\\\/ciclesformatius.es\\\/wp-content\\\/uploads\\\/2024\\\/02\\\/1.png\",\"width\":1080,\"height\":1080,\"caption\":\"cfgs telecomunicacions\"},{\"@type\":\"BreadcrumbList\",\"@id\":\"https:\\\/\\\/ciclesformatius.es\\\/es\\\/el-cfgs-de-telecomunicaciones-va-a-la-upc\\\/#breadcrumb\",\"itemListElement\":[{\"@type\":\"ListItem\",\"position\":1,\"name\":\"Inici\",\"item\":\"https:\\\/\\\/ciclesformatius.es\\\/es\\\/inicio\\\/\"},{\"@type\":\"ListItem\",\"position\":2,\"name\":\"\u00a1El CFGS de Telecomunicaciones va a la UPC!\"}]},{\"@type\":\"WebSite\",\"@id\":\"https:\\\/\\\/ciclesformatius.es\\\/es\\\/#website\",\"url\":\"https:\\\/\\\/ciclesformatius.es\\\/es\\\/\",\"name\":\"Cicles Formatius Jaume Balmes\",\"description\":\"\",\"publisher\":{\"@id\":\"https:\\\/\\\/ciclesformatius.es\\\/es\\\/#organization\"},\"potentialAction\":[{\"@type\":\"SearchAction\",\"target\":{\"@type\":\"EntryPoint\",\"urlTemplate\":\"https:\\\/\\\/ciclesformatius.es\\\/es\\\/?s={search_term_string}\"},\"query-input\":{\"@type\":\"PropertyValueSpecification\",\"valueRequired\":true,\"valueName\":\"search_term_string\"}}],\"inLanguage\":\"es\"},{\"@type\":\"Organization\",\"@id\":\"https:\\\/\\\/ciclesformatius.es\\\/es\\\/#organization\",\"name\":\"Centre d'Estudis Jaume Balmes\",\"url\":\"https:\\\/\\\/ciclesformatius.es\\\/es\\\/\",\"logo\":{\"@type\":\"ImageObject\",\"inLanguage\":\"es\",\"@id\":\"https:\\\/\\\/ciclesformatius.es\\\/es\\\/#\\\/schema\\\/logo\\\/image\\\/\",\"url\":\"https:\\\/\\\/ciclesformatius.es\\\/wp-content\\\/uploads\\\/2023\\\/01\\\/balmes-01.svg\",\"contentUrl\":\"https:\\\/\\\/ciclesformatius.es\\\/wp-content\\\/uploads\\\/2023\\\/01\\\/balmes-01.svg\",\"caption\":\"Centre d'Estudis Jaume Balmes\"},\"image\":{\"@id\":\"https:\\\/\\\/ciclesformatius.es\\\/es\\\/#\\\/schema\\\/logo\\\/image\\\/\"},\"sameAs\":[\"https:\\\/\\\/www.facebook.com\\\/cejaumebalmes\",\"https:\\\/\\\/x.com\\\/cejaumebalmes\"]},{\"@type\":\"Person\",\"@id\":\"https:\\\/\\\/ciclesformatius.es\\\/es\\\/#\\\/schema\\\/person\\\/3ceae0d42c2a35087d8b3039cb60deda\",\"name\":\"Alba Medina\",\"image\":{\"@type\":\"ImageObject\",\"inLanguage\":\"es\",\"@id\":\"https:\\\/\\\/secure.gravatar.com\\\/avatar\\\/a1f456bed3f96b0df1cdf47b5af3103fcc8d9c5970530249d90e9baddc9aaba9?s=96&d=mm&r=g\",\"url\":\"https:\\\/\\\/secure.gravatar.com\\\/avatar\\\/a1f456bed3f96b0df1cdf47b5af3103fcc8d9c5970530249d90e9baddc9aaba9?s=96&d=mm&r=g\",\"contentUrl\":\"https:\\\/\\\/secure.gravatar.com\\\/avatar\\\/a1f456bed3f96b0df1cdf47b5af3103fcc8d9c5970530249d90e9baddc9aaba9?s=96&d=mm&r=g\",\"caption\":\"Alba Medina\"}}]}<\/script>\n<!-- \/ Yoast SEO plugin. -->","yoast_head_json":{"title":"CFGS de Telecomunicaciones i Sistemas Inform\u00e1ticos","description":"El alumnado del CFGS de Sistemas de Telecomunicaciones y Sistemas Inform\u00e1ticos hace una salida a la UPC y visita lo NanoSat Lab.","robots":{"index":"index","follow":"follow","max-snippet":"max-snippet:-1","max-image-preview":"max-image-preview:large","max-video-preview":"max-video-preview:-1"},"canonical":"https:\/\/ciclesformatius.es\/es\/el-cfgs-de-telecomunicaciones-va-a-la-upc\/","og_locale":"es_ES","og_type":"article","og_title":"CFGS de Telecomunicaciones i Sistemas Inform\u00e1ticos","og_description":"El alumnado del CFGS de Sistemas de Telecomunicaciones y Sistemas Inform\u00e1ticos hace una salida a la UPC y visita lo NanoSat Lab.","og_url":"https:\/\/ciclesformatius.es\/es\/el-cfgs-de-telecomunicaciones-va-a-la-upc\/","og_site_name":"Cicles Formatius Jaume Balmes","article_publisher":"https:\/\/www.facebook.com\/cejaumebalmes","article_published_time":"2024-02-05T13:01:56+00:00","article_modified_time":"2025-12-17T08:45:32+00:00","og_image":[{"width":1080,"height":1080,"url":"https:\/\/ciclesformatius.es\/wp-content\/uploads\/2024\/02\/1.png","type":"image\/png"}],"author":"Alba Medina","twitter_card":"summary_large_image","twitter_creator":"@cejaumebalmes","twitter_site":"@cejaumebalmes","twitter_misc":{"Escrito por":"Alba Medina","Tiempo de lectura":"2 minutos"},"schema":{"@context":"https:\/\/schema.org","@graph":[{"@type":"Article","@id":"https:\/\/ciclesformatius.es\/es\/el-cfgs-de-telecomunicaciones-va-a-la-upc\/#article","isPartOf":{"@id":"https:\/\/ciclesformatius.es\/es\/el-cfgs-de-telecomunicaciones-va-a-la-upc\/"},"author":{"name":"Alba Medina","@id":"https:\/\/ciclesformatius.es\/es\/#\/schema\/person\/3ceae0d42c2a35087d8b3039cb60deda"},"headline":"\u00a1El CFGS de Telecomunicaciones va a la UPC!","datePublished":"2024-02-05T13:01:56+00:00","dateModified":"2025-12-17T08:45:32+00:00","mainEntityOfPage":{"@id":"https:\/\/ciclesformatius.es\/es\/el-cfgs-de-telecomunicaciones-va-a-la-upc\/"},"wordCount":208,"commentCount":0,"publisher":{"@id":"https:\/\/ciclesformatius.es\/es\/#organization"},"image":{"@id":"https:\/\/ciclesformatius.es\/es\/el-cfgs-de-telecomunicaciones-va-a-la-upc\/#primaryimage"},"thumbnailUrl":"https:\/\/ciclesformatius.es\/wp-content\/uploads\/2024\/02\/1.png","keywords":["balmesciclos","cfgs telecomunicaciones","formaci\u00f3n profesional","fpbalmes","telecomunicaciones"],"inLanguage":"es","potentialAction":[{"@type":"CommentAction","name":"Comment","target":["https:\/\/ciclesformatius.es\/es\/el-cfgs-de-telecomunicaciones-va-a-la-upc\/#respond"]}]},{"@type":"WebPage","@id":"https:\/\/ciclesformatius.es\/es\/el-cfgs-de-telecomunicaciones-va-a-la-upc\/","url":"https:\/\/ciclesformatius.es\/es\/el-cfgs-de-telecomunicaciones-va-a-la-upc\/","name":"CFGS de Telecomunicaciones i Sistemas Inform\u00e1ticos","isPartOf":{"@id":"https:\/\/ciclesformatius.es\/es\/#website"},"primaryImageOfPage":{"@id":"https:\/\/ciclesformatius.es\/es\/el-cfgs-de-telecomunicaciones-va-a-la-upc\/#primaryimage"},"image":{"@id":"https:\/\/ciclesformatius.es\/es\/el-cfgs-de-telecomunicaciones-va-a-la-upc\/#primaryimage"},"thumbnailUrl":"https:\/\/ciclesformatius.es\/wp-content\/uploads\/2024\/02\/1.png","datePublished":"2024-02-05T13:01:56+00:00","dateModified":"2025-12-17T08:45:32+00:00","description":"El alumnado del CFGS de Sistemas de Telecomunicaciones y Sistemas Inform\u00e1ticos hace una salida a la UPC y visita lo NanoSat Lab.","breadcrumb":{"@id":"https:\/\/ciclesformatius.es\/es\/el-cfgs-de-telecomunicaciones-va-a-la-upc\/#breadcrumb"},"inLanguage":"es","potentialAction":[{"@type":"ReadAction","target":["https:\/\/ciclesformatius.es\/es\/el-cfgs-de-telecomunicaciones-va-a-la-upc\/"]}]},{"@type":"ImageObject","inLanguage":"es","@id":"https:\/\/ciclesformatius.es\/es\/el-cfgs-de-telecomunicaciones-va-a-la-upc\/#primaryimage","url":"https:\/\/ciclesformatius.es\/wp-content\/uploads\/2024\/02\/1.png","contentUrl":"https:\/\/ciclesformatius.es\/wp-content\/uploads\/2024\/02\/1.png","width":1080,"height":1080,"caption":"cfgs telecomunicacions"},{"@type":"BreadcrumbList","@id":"https:\/\/ciclesformatius.es\/es\/el-cfgs-de-telecomunicaciones-va-a-la-upc\/#breadcrumb","itemListElement":[{"@type":"ListItem","position":1,"name":"Inici","item":"https:\/\/ciclesformatius.es\/es\/inicio\/"},{"@type":"ListItem","position":2,"name":"\u00a1El CFGS de Telecomunicaciones va a la UPC!"}]},{"@type":"WebSite","@id":"https:\/\/ciclesformatius.es\/es\/#website","url":"https:\/\/ciclesformatius.es\/es\/","name":"Cicles Formatius Jaume Balmes","description":"","publisher":{"@id":"https:\/\/ciclesformatius.es\/es\/#organization"},"potentialAction":[{"@type":"SearchAction","target":{"@type":"EntryPoint","urlTemplate":"https:\/\/ciclesformatius.es\/es\/?s={search_term_string}"},"query-input":{"@type":"PropertyValueSpecification","valueRequired":true,"valueName":"search_term_string"}}],"inLanguage":"es"},{"@type":"Organization","@id":"https:\/\/ciclesformatius.es\/es\/#organization","name":"Centre d'Estudis Jaume Balmes","url":"https:\/\/ciclesformatius.es\/es\/","logo":{"@type":"ImageObject","inLanguage":"es","@id":"https:\/\/ciclesformatius.es\/es\/#\/schema\/logo\/image\/","url":"https:\/\/ciclesformatius.es\/wp-content\/uploads\/2023\/01\/balmes-01.svg","contentUrl":"https:\/\/ciclesformatius.es\/wp-content\/uploads\/2023\/01\/balmes-01.svg","caption":"Centre d'Estudis Jaume Balmes"},"image":{"@id":"https:\/\/ciclesformatius.es\/es\/#\/schema\/logo\/image\/"},"sameAs":["https:\/\/www.facebook.com\/cejaumebalmes","https:\/\/x.com\/cejaumebalmes"]},{"@type":"Person","@id":"https:\/\/ciclesformatius.es\/es\/#\/schema\/person\/3ceae0d42c2a35087d8b3039cb60deda","name":"Alba Medina","image":{"@type":"ImageObject","inLanguage":"es","@id":"https:\/\/secure.gravatar.com\/avatar\/a1f456bed3f96b0df1cdf47b5af3103fcc8d9c5970530249d90e9baddc9aaba9?s=96&d=mm&r=g","url":"https:\/\/secure.gravatar.com\/avatar\/a1f456bed3f96b0df1cdf47b5af3103fcc8d9c5970530249d90e9baddc9aaba9?s=96&d=mm&r=g","contentUrl":"https:\/\/secure.gravatar.com\/avatar\/a1f456bed3f96b0df1cdf47b5af3103fcc8d9c5970530249d90e9baddc9aaba9?s=96&d=mm&r=g","caption":"Alba Medina"}}]}},"_links":{"self":[{"href":"https:\/\/ciclesformatius.es\/es\/wp-json\/wp\/v2\/posts\/3917","targetHints":{"allow":["GET"]}}],"collection":[{"href":"https:\/\/ciclesformatius.es\/es\/wp-json\/wp\/v2\/posts"}],"about":[{"href":"https:\/\/ciclesformatius.es\/es\/wp-json\/wp\/v2\/types\/post"}],"author":[{"embeddable":true,"href":"https:\/\/ciclesformatius.es\/es\/wp-json\/wp\/v2\/users\/2"}],"replies":[{"embeddable":true,"href":"https:\/\/ciclesformatius.es\/es\/wp-json\/wp\/v2\/comments?post=3917"}],"version-history":[{"count":7,"href":"https:\/\/ciclesformatius.es\/es\/wp-json\/wp\/v2\/posts\/3917\/revisions"}],"predecessor-version":[{"id":4627,"href":"https:\/\/ciclesformatius.es\/es\/wp-json\/wp\/v2\/posts\/3917\/revisions\/4627"}],"wp:featuredmedia":[{"embeddable":true,"href":"https:\/\/ciclesformatius.es\/es\/wp-json\/wp\/v2\/media\/3725"}],"wp:attachment":[{"href":"https:\/\/ciclesformatius.es\/es\/wp-json\/wp\/v2\/media?parent=3917"}],"wp:term":[{"taxonomy":"category","embeddable":true,"href":"https:\/\/ciclesformatius.es\/es\/wp-json\/wp\/v2\/categories?post=3917"},{"taxonomy":"post_tag","embeddable":true,"href":"https:\/\/ciclesformatius.es\/es\/wp-json\/wp\/v2\/tags?post=3917"}],"curies":[{"name":"wp","href":"https:\/\/api.w.org\/{rel}","templated":true}]}}