{"id":3915,"date":"2025-04-11T08:11:24","date_gmt":"2025-04-11T08:11:24","guid":{"rendered":"https:\/\/ciclesformatius.es\/gala-fashion-film-2025\/"},"modified":"2026-03-17T16:59:01","modified_gmt":"2026-03-17T16:59:01","slug":"gala-fashion-film-2025","status":"publish","type":"post","link":"https:\/\/ciclesformatius.es\/es\/gala-fashion-film-2025\/","title":{"rendered":"GALA FASHION FILM 2025"},"content":{"rendered":"\n<p>El <strong>Fashion Film<\/strong> es un proyecto del centro de estudios Jaume Balmes, donde la moda, la escenograf\u00eda, la iluminaci\u00f3n y la creatividad se fusionan para explicar historias a trav\u00e9s del audiovisual. M\u00e1s que una simple pasarela o sesi\u00f3n fotogr\u00e1fica, se trata de una experiencia visual donde cada detalle contribuye a transmitir una narrativa, generando un impacto emocional en el p\u00fablico. <\/p>\n\n<p>Esta gala es el resultado de un trabajo intenso y coordinado entre marcas de ropa, maquilladores\/as, peluqueros\/as, modelos y localizaciones espectaculares. Adem\u00e1s, es un proyecto desarrollado por los alumnos\/as de <a href=\"https:\/\/ciclesformatius.es\/es\/cfgs-marketing-y-publicidad\/\">Marketing <\/a>y de <a href=\"https:\/\/ciclesformatius.es\/es\/ciclos-formativos-imagen\/cfgs-asesoria-imagen-personal-y-corporativa\/\">Asesoramiento de Imagen Personal y Corporativa<\/a>, que han trabajado en cada detalle para dar vida a un acontecimiento que traspasa los l\u00edmites convencionales de la moda, convirti\u00e9ndola en una aut\u00e9ntica obra de arte audiovisual. <\/p>\n\n<p>El Fashion Film no solo pone en valor el talento de dise\u00f1adores y artistas, sino que tambi\u00e9n ofrece una plataforma para nuevos creadores que buscan expresarse a trav\u00e9s de la imagen y el movimiento. La combinaci\u00f3n de luz, color, textura y dinamismo convierte cada proyecto en una experiencia irrepetible. <\/p>\n\n<p>Desde la selecci\u00f3n de las prendas de ropa hasta la elecci\u00f3n de la banda sonora, todo est\u00e1 meticulosamente dise\u00f1ado para cautivar e inspirar. Esta sinergia entre disciplinas hace que el Fashion Film sea una disciplina en crecimiento dentro del mundo de la moda y el audiovisual. <\/p>\n\n<p>Este a\u00f1o, la gala promete emocionar con producciones innovadoras, donde cada plan, cada expresi\u00f3n y cada detalle explican una historia que va m\u00e1s all\u00e1 de la moda.<br\/><br\/><br\/><br\/><br\/>#fashionfilm #galafashionfilm #ciclosformativos #cejaumebalmes #fashionfilm2025<\/p>\n\n<p><\/p>\n","protected":false},"excerpt":{"rendered":"<p>El Fashion Film es un proyecto del centro de estudios Jaume Balmes, donde la moda, la escenograf\u00eda, la iluminaci\u00f3n y la creatividad se fusionan para explicar historias a trav\u00e9s del audiovisual. M\u00e1s que una simple pasarela o sesi\u00f3n fotogr\u00e1fica, se trata de una experiencia visual donde cada detalle contribuye a transmitir una narrativa, generando un &#8230; <a title=\"GALA FASHION FILM 2025\" class=\"read-more\" href=\"https:\/\/ciclesformatius.es\/es\/gala-fashion-film-2025\/\" aria-label=\"Leer m\u00e1s sobre GALA FASHION FILM 2025\">Leer m\u00e1s<\/a><\/p>\n","protected":false},"author":1,"featured_media":3909,"comment_status":"open","ping_status":"open","sticky":false,"template":"","format":"standard","meta":{"inline_featured_image":false,"footnotes":""},"categories":[38,25],"tags":[],"class_list":["post-3915","post","type-post","status-publish","format-standard","has-post-thumbnail","hentry","category-imagen-personal","category-sin-categoria"],"yoast_head":"<!-- This site is optimized with the Yoast SEO plugin v27.4 - https:\/\/yoast.com\/product\/yoast-seo-wordpress\/ -->\n<title>Conoce la Gala FASHION FILM 2025<\/title>\n<meta name=\"description\" content=\"Descubre c\u00f3mo el ciclo superior asesor\u00eda de imagen personal y corporativa se luce en la Gala Fashion Film 2025 con looks, branding y producciones visuales.\" \/>\n<meta name=\"robots\" content=\"index, follow, max-snippet:-1, max-image-preview:large, max-video-preview:-1\" \/>\n<link rel=\"canonical\" href=\"https:\/\/ciclesformatius.es\/es\/gala-fashion-film-2025\/\" \/>\n<meta property=\"og:locale\" content=\"es_ES\" \/>\n<meta property=\"og:type\" content=\"article\" \/>\n<meta property=\"og:title\" content=\"Conoce la Gala FASHION FILM 2025\" \/>\n<meta property=\"og:description\" content=\"Descubre c\u00f3mo el ciclo superior asesor\u00eda de imagen personal y corporativa se luce en la Gala Fashion Film 2025 con looks, branding y producciones visuales.\" \/>\n<meta property=\"og:url\" content=\"https:\/\/ciclesformatius.es\/es\/gala-fashion-film-2025\/\" \/>\n<meta property=\"og:site_name\" content=\"Cicles Formatius Jaume Balmes\" \/>\n<meta property=\"article:publisher\" content=\"https:\/\/www.facebook.com\/cejaumebalmes\" \/>\n<meta property=\"article:published_time\" content=\"2025-04-11T08:11:24+00:00\" \/>\n<meta property=\"article:modified_time\" content=\"2026-03-17T16:59:01+00:00\" \/>\n<meta property=\"og:image\" content=\"https:\/\/ciclesformatius.es\/wp-content\/uploads\/2025\/04\/DSC01459-scaled.jpg\" \/>\n\t<meta property=\"og:image:width\" content=\"2560\" \/>\n\t<meta property=\"og:image:height\" content=\"1707\" \/>\n\t<meta property=\"og:image:type\" content=\"image\/jpeg\" \/>\n<meta name=\"author\" content=\"admin\" \/>\n<meta name=\"twitter:card\" content=\"summary_large_image\" \/>\n<meta name=\"twitter:creator\" content=\"@cejaumebalmes\" \/>\n<meta name=\"twitter:site\" content=\"@cejaumebalmes\" \/>\n<meta name=\"twitter:label1\" content=\"Escrito por\" \/>\n\t<meta name=\"twitter:data1\" content=\"admin\" \/>\n\t<meta name=\"twitter:label2\" content=\"Tiempo de lectura\" \/>\n\t<meta name=\"twitter:data2\" content=\"2 minutos\" \/>\n<script type=\"application\/ld+json\" class=\"yoast-schema-graph\">{\"@context\":\"https:\\\/\\\/schema.org\",\"@graph\":[{\"@type\":\"Article\",\"@id\":\"https:\\\/\\\/ciclesformatius.es\\\/es\\\/gala-fashion-film-2025\\\/#article\",\"isPartOf\":{\"@id\":\"https:\\\/\\\/ciclesformatius.es\\\/es\\\/gala-fashion-film-2025\\\/\"},\"author\":{\"name\":\"admin\",\"@id\":\"https:\\\/\\\/ciclesformatius.es\\\/es\\\/#\\\/schema\\\/person\\\/6033bb231723706d88a26bd7ab30dfe8\"},\"headline\":\"GALA FASHION FILM 2025\",\"datePublished\":\"2025-04-11T08:11:24+00:00\",\"dateModified\":\"2026-03-17T16:59:01+00:00\",\"mainEntityOfPage\":{\"@id\":\"https:\\\/\\\/ciclesformatius.es\\\/es\\\/gala-fashion-film-2025\\\/\"},\"wordCount\":281,\"commentCount\":0,\"publisher\":{\"@id\":\"https:\\\/\\\/ciclesformatius.es\\\/es\\\/#organization\"},\"image\":{\"@id\":\"https:\\\/\\\/ciclesformatius.es\\\/es\\\/gala-fashion-film-2025\\\/#primaryimage\"},\"thumbnailUrl\":\"https:\\\/\\\/ciclesformatius.es\\\/wp-content\\\/uploads\\\/2025\\\/04\\\/DSC01459-scaled.jpg\",\"articleSection\":[\"Imagen Personal\"],\"inLanguage\":\"es\",\"potentialAction\":[{\"@type\":\"CommentAction\",\"name\":\"Comment\",\"target\":[\"https:\\\/\\\/ciclesformatius.es\\\/es\\\/gala-fashion-film-2025\\\/#respond\"]}]},{\"@type\":\"WebPage\",\"@id\":\"https:\\\/\\\/ciclesformatius.es\\\/es\\\/gala-fashion-film-2025\\\/\",\"url\":\"https:\\\/\\\/ciclesformatius.es\\\/es\\\/gala-fashion-film-2025\\\/\",\"name\":\"Conoce la Gala FASHION FILM 2025\",\"isPartOf\":{\"@id\":\"https:\\\/\\\/ciclesformatius.es\\\/es\\\/#website\"},\"primaryImageOfPage\":{\"@id\":\"https:\\\/\\\/ciclesformatius.es\\\/es\\\/gala-fashion-film-2025\\\/#primaryimage\"},\"image\":{\"@id\":\"https:\\\/\\\/ciclesformatius.es\\\/es\\\/gala-fashion-film-2025\\\/#primaryimage\"},\"thumbnailUrl\":\"https:\\\/\\\/ciclesformatius.es\\\/wp-content\\\/uploads\\\/2025\\\/04\\\/DSC01459-scaled.jpg\",\"datePublished\":\"2025-04-11T08:11:24+00:00\",\"dateModified\":\"2026-03-17T16:59:01+00:00\",\"description\":\"Descubre c\u00f3mo el ciclo superior asesor\u00eda de imagen personal y corporativa se luce en la Gala Fashion Film 2025 con looks, branding y producciones visuales.\",\"breadcrumb\":{\"@id\":\"https:\\\/\\\/ciclesformatius.es\\\/es\\\/gala-fashion-film-2025\\\/#breadcrumb\"},\"inLanguage\":\"es\",\"potentialAction\":[{\"@type\":\"ReadAction\",\"target\":[\"https:\\\/\\\/ciclesformatius.es\\\/es\\\/gala-fashion-film-2025\\\/\"]}]},{\"@type\":\"ImageObject\",\"inLanguage\":\"es\",\"@id\":\"https:\\\/\\\/ciclesformatius.es\\\/es\\\/gala-fashion-film-2025\\\/#primaryimage\",\"url\":\"https:\\\/\\\/ciclesformatius.es\\\/wp-content\\\/uploads\\\/2025\\\/04\\\/DSC01459-scaled.jpg\",\"contentUrl\":\"https:\\\/\\\/ciclesformatius.es\\\/wp-content\\\/uploads\\\/2025\\\/04\\\/DSC01459-scaled.jpg\",\"width\":2560,\"height\":1707,\"caption\":\"Fashion Film\"},{\"@type\":\"BreadcrumbList\",\"@id\":\"https:\\\/\\\/ciclesformatius.es\\\/es\\\/gala-fashion-film-2025\\\/#breadcrumb\",\"itemListElement\":[{\"@type\":\"ListItem\",\"position\":1,\"name\":\"Inici\",\"item\":\"https:\\\/\\\/ciclesformatius.es\\\/es\\\/inicio\\\/\"},{\"@type\":\"ListItem\",\"position\":2,\"name\":\"GALA FASHION FILM 2025\"}]},{\"@type\":\"WebSite\",\"@id\":\"https:\\\/\\\/ciclesformatius.es\\\/es\\\/#website\",\"url\":\"https:\\\/\\\/ciclesformatius.es\\\/es\\\/\",\"name\":\"Cicles Formatius Jaume Balmes\",\"description\":\"\",\"publisher\":{\"@id\":\"https:\\\/\\\/ciclesformatius.es\\\/es\\\/#organization\"},\"potentialAction\":[{\"@type\":\"SearchAction\",\"target\":{\"@type\":\"EntryPoint\",\"urlTemplate\":\"https:\\\/\\\/ciclesformatius.es\\\/es\\\/?s={search_term_string}\"},\"query-input\":{\"@type\":\"PropertyValueSpecification\",\"valueRequired\":true,\"valueName\":\"search_term_string\"}}],\"inLanguage\":\"es\"},{\"@type\":\"Organization\",\"@id\":\"https:\\\/\\\/ciclesformatius.es\\\/es\\\/#organization\",\"name\":\"Centre d'Estudis Jaume Balmes\",\"url\":\"https:\\\/\\\/ciclesformatius.es\\\/es\\\/\",\"logo\":{\"@type\":\"ImageObject\",\"inLanguage\":\"es\",\"@id\":\"https:\\\/\\\/ciclesformatius.es\\\/es\\\/#\\\/schema\\\/logo\\\/image\\\/\",\"url\":\"https:\\\/\\\/ciclesformatius.es\\\/wp-content\\\/uploads\\\/2023\\\/01\\\/balmes-01.svg\",\"contentUrl\":\"https:\\\/\\\/ciclesformatius.es\\\/wp-content\\\/uploads\\\/2023\\\/01\\\/balmes-01.svg\",\"caption\":\"Centre d'Estudis Jaume Balmes\"},\"image\":{\"@id\":\"https:\\\/\\\/ciclesformatius.es\\\/es\\\/#\\\/schema\\\/logo\\\/image\\\/\"},\"sameAs\":[\"https:\\\/\\\/www.facebook.com\\\/cejaumebalmes\",\"https:\\\/\\\/x.com\\\/cejaumebalmes\"]},{\"@type\":\"Person\",\"@id\":\"https:\\\/\\\/ciclesformatius.es\\\/es\\\/#\\\/schema\\\/person\\\/6033bb231723706d88a26bd7ab30dfe8\",\"name\":\"admin\",\"image\":{\"@type\":\"ImageObject\",\"inLanguage\":\"es\",\"@id\":\"https:\\\/\\\/secure.gravatar.com\\\/avatar\\\/1e084e24ee6bbc2028e13f67f285815aa32b7409c8f516f659068d908ef732ef?s=96&d=mm&r=g\",\"url\":\"https:\\\/\\\/secure.gravatar.com\\\/avatar\\\/1e084e24ee6bbc2028e13f67f285815aa32b7409c8f516f659068d908ef732ef?s=96&d=mm&r=g\",\"contentUrl\":\"https:\\\/\\\/secure.gravatar.com\\\/avatar\\\/1e084e24ee6bbc2028e13f67f285815aa32b7409c8f516f659068d908ef732ef?s=96&d=mm&r=g\",\"caption\":\"admin\"},\"sameAs\":[\"https:\\\/\\\/ciclesformatius.es\"]}]}<\/script>\n<!-- \/ Yoast SEO plugin. -->","yoast_head_json":{"title":"Conoce la Gala FASHION FILM 2025","description":"Descubre c\u00f3mo el ciclo superior asesor\u00eda de imagen personal y corporativa se luce en la Gala Fashion Film 2025 con looks, branding y producciones visuales.","robots":{"index":"index","follow":"follow","max-snippet":"max-snippet:-1","max-image-preview":"max-image-preview:large","max-video-preview":"max-video-preview:-1"},"canonical":"https:\/\/ciclesformatius.es\/es\/gala-fashion-film-2025\/","og_locale":"es_ES","og_type":"article","og_title":"Conoce la Gala FASHION FILM 2025","og_description":"Descubre c\u00f3mo el ciclo superior asesor\u00eda de imagen personal y corporativa se luce en la Gala Fashion Film 2025 con looks, branding y producciones visuales.","og_url":"https:\/\/ciclesformatius.es\/es\/gala-fashion-film-2025\/","og_site_name":"Cicles Formatius Jaume Balmes","article_publisher":"https:\/\/www.facebook.com\/cejaumebalmes","article_published_time":"2025-04-11T08:11:24+00:00","article_modified_time":"2026-03-17T16:59:01+00:00","og_image":[{"width":2560,"height":1707,"url":"https:\/\/ciclesformatius.es\/wp-content\/uploads\/2025\/04\/DSC01459-scaled.jpg","type":"image\/jpeg"}],"author":"admin","twitter_card":"summary_large_image","twitter_creator":"@cejaumebalmes","twitter_site":"@cejaumebalmes","twitter_misc":{"Escrito por":"admin","Tiempo de lectura":"2 minutos"},"schema":{"@context":"https:\/\/schema.org","@graph":[{"@type":"Article","@id":"https:\/\/ciclesformatius.es\/es\/gala-fashion-film-2025\/#article","isPartOf":{"@id":"https:\/\/ciclesformatius.es\/es\/gala-fashion-film-2025\/"},"author":{"name":"admin","@id":"https:\/\/ciclesformatius.es\/es\/#\/schema\/person\/6033bb231723706d88a26bd7ab30dfe8"},"headline":"GALA FASHION FILM 2025","datePublished":"2025-04-11T08:11:24+00:00","dateModified":"2026-03-17T16:59:01+00:00","mainEntityOfPage":{"@id":"https:\/\/ciclesformatius.es\/es\/gala-fashion-film-2025\/"},"wordCount":281,"commentCount":0,"publisher":{"@id":"https:\/\/ciclesformatius.es\/es\/#organization"},"image":{"@id":"https:\/\/ciclesformatius.es\/es\/gala-fashion-film-2025\/#primaryimage"},"thumbnailUrl":"https:\/\/ciclesformatius.es\/wp-content\/uploads\/2025\/04\/DSC01459-scaled.jpg","articleSection":["Imagen Personal"],"inLanguage":"es","potentialAction":[{"@type":"CommentAction","name":"Comment","target":["https:\/\/ciclesformatius.es\/es\/gala-fashion-film-2025\/#respond"]}]},{"@type":"WebPage","@id":"https:\/\/ciclesformatius.es\/es\/gala-fashion-film-2025\/","url":"https:\/\/ciclesformatius.es\/es\/gala-fashion-film-2025\/","name":"Conoce la Gala FASHION FILM 2025","isPartOf":{"@id":"https:\/\/ciclesformatius.es\/es\/#website"},"primaryImageOfPage":{"@id":"https:\/\/ciclesformatius.es\/es\/gala-fashion-film-2025\/#primaryimage"},"image":{"@id":"https:\/\/ciclesformatius.es\/es\/gala-fashion-film-2025\/#primaryimage"},"thumbnailUrl":"https:\/\/ciclesformatius.es\/wp-content\/uploads\/2025\/04\/DSC01459-scaled.jpg","datePublished":"2025-04-11T08:11:24+00:00","dateModified":"2026-03-17T16:59:01+00:00","description":"Descubre c\u00f3mo el ciclo superior asesor\u00eda de imagen personal y corporativa se luce en la Gala Fashion Film 2025 con looks, branding y producciones visuales.","breadcrumb":{"@id":"https:\/\/ciclesformatius.es\/es\/gala-fashion-film-2025\/#breadcrumb"},"inLanguage":"es","potentialAction":[{"@type":"ReadAction","target":["https:\/\/ciclesformatius.es\/es\/gala-fashion-film-2025\/"]}]},{"@type":"ImageObject","inLanguage":"es","@id":"https:\/\/ciclesformatius.es\/es\/gala-fashion-film-2025\/#primaryimage","url":"https:\/\/ciclesformatius.es\/wp-content\/uploads\/2025\/04\/DSC01459-scaled.jpg","contentUrl":"https:\/\/ciclesformatius.es\/wp-content\/uploads\/2025\/04\/DSC01459-scaled.jpg","width":2560,"height":1707,"caption":"Fashion Film"},{"@type":"BreadcrumbList","@id":"https:\/\/ciclesformatius.es\/es\/gala-fashion-film-2025\/#breadcrumb","itemListElement":[{"@type":"ListItem","position":1,"name":"Inici","item":"https:\/\/ciclesformatius.es\/es\/inicio\/"},{"@type":"ListItem","position":2,"name":"GALA FASHION FILM 2025"}]},{"@type":"WebSite","@id":"https:\/\/ciclesformatius.es\/es\/#website","url":"https:\/\/ciclesformatius.es\/es\/","name":"Cicles Formatius Jaume Balmes","description":"","publisher":{"@id":"https:\/\/ciclesformatius.es\/es\/#organization"},"potentialAction":[{"@type":"SearchAction","target":{"@type":"EntryPoint","urlTemplate":"https:\/\/ciclesformatius.es\/es\/?s={search_term_string}"},"query-input":{"@type":"PropertyValueSpecification","valueRequired":true,"valueName":"search_term_string"}}],"inLanguage":"es"},{"@type":"Organization","@id":"https:\/\/ciclesformatius.es\/es\/#organization","name":"Centre d'Estudis Jaume Balmes","url":"https:\/\/ciclesformatius.es\/es\/","logo":{"@type":"ImageObject","inLanguage":"es","@id":"https:\/\/ciclesformatius.es\/es\/#\/schema\/logo\/image\/","url":"https:\/\/ciclesformatius.es\/wp-content\/uploads\/2023\/01\/balmes-01.svg","contentUrl":"https:\/\/ciclesformatius.es\/wp-content\/uploads\/2023\/01\/balmes-01.svg","caption":"Centre d'Estudis Jaume Balmes"},"image":{"@id":"https:\/\/ciclesformatius.es\/es\/#\/schema\/logo\/image\/"},"sameAs":["https:\/\/www.facebook.com\/cejaumebalmes","https:\/\/x.com\/cejaumebalmes"]},{"@type":"Person","@id":"https:\/\/ciclesformatius.es\/es\/#\/schema\/person\/6033bb231723706d88a26bd7ab30dfe8","name":"admin","image":{"@type":"ImageObject","inLanguage":"es","@id":"https:\/\/secure.gravatar.com\/avatar\/1e084e24ee6bbc2028e13f67f285815aa32b7409c8f516f659068d908ef732ef?s=96&d=mm&r=g","url":"https:\/\/secure.gravatar.com\/avatar\/1e084e24ee6bbc2028e13f67f285815aa32b7409c8f516f659068d908ef732ef?s=96&d=mm&r=g","contentUrl":"https:\/\/secure.gravatar.com\/avatar\/1e084e24ee6bbc2028e13f67f285815aa32b7409c8f516f659068d908ef732ef?s=96&d=mm&r=g","caption":"admin"},"sameAs":["https:\/\/ciclesformatius.es"]}]}},"_links":{"self":[{"href":"https:\/\/ciclesformatius.es\/es\/wp-json\/wp\/v2\/posts\/3915","targetHints":{"allow":["GET"]}}],"collection":[{"href":"https:\/\/ciclesformatius.es\/es\/wp-json\/wp\/v2\/posts"}],"about":[{"href":"https:\/\/ciclesformatius.es\/es\/wp-json\/wp\/v2\/types\/post"}],"author":[{"embeddable":true,"href":"https:\/\/ciclesformatius.es\/es\/wp-json\/wp\/v2\/users\/1"}],"replies":[{"embeddable":true,"href":"https:\/\/ciclesformatius.es\/es\/wp-json\/wp\/v2\/comments?post=3915"}],"version-history":[{"count":1,"href":"https:\/\/ciclesformatius.es\/es\/wp-json\/wp\/v2\/posts\/3915\/revisions"}],"predecessor-version":[{"id":3916,"href":"https:\/\/ciclesformatius.es\/es\/wp-json\/wp\/v2\/posts\/3915\/revisions\/3916"}],"wp:featuredmedia":[{"embeddable":true,"href":"https:\/\/ciclesformatius.es\/es\/wp-json\/wp\/v2\/media\/3909"}],"wp:attachment":[{"href":"https:\/\/ciclesformatius.es\/es\/wp-json\/wp\/v2\/media?parent=3915"}],"wp:term":[{"taxonomy":"category","embeddable":true,"href":"https:\/\/ciclesformatius.es\/es\/wp-json\/wp\/v2\/categories?post=3915"},{"taxonomy":"post_tag","embeddable":true,"href":"https:\/\/ciclesformatius.es\/es\/wp-json\/wp\/v2\/tags?post=3915"}],"curies":[{"name":"wp","href":"https:\/\/api.w.org\/{rel}","templated":true}]}}