{"id":3898,"date":"2024-04-17T07:24:48","date_gmt":"2024-04-17T07:24:48","guid":{"rendered":"https:\/\/ciclesformatius.es\/la-formacion-profesional-en-el-balmes\/"},"modified":"2025-12-16T17:48:26","modified_gmt":"2025-12-16T17:48:26","slug":"la-formacion-profesional-en-el-balmes","status":"publish","type":"post","link":"https:\/\/ciclesformatius.es\/es\/la-formacion-profesional-en-el-balmes\/","title":{"rendered":"\u00a1La Formaci\u00f3n Profesional en el Balmes!"},"content":{"rendered":"\t\t<div data-elementor-type=\"wp-post\" data-elementor-id=\"3898\" class=\"elementor elementor-3898 elementor-2948\" data-elementor-post-type=\"post\">\n\t\t\t\t\t\t<section class=\"elementor-section elementor-top-section elementor-element elementor-element-902e7af elementor-section-boxed elementor-section-height-default elementor-section-height-default\" data-id=\"902e7af\" data-element_type=\"section\" data-e-type=\"section\" data-settings=\"{&quot;jet_parallax_layout_list&quot;:[]}\">\n\t\t\t\t\t\t<div class=\"elementor-container elementor-column-gap-default\">\n\t\t\t\t\t<div class=\"elementor-column elementor-col-100 elementor-top-column elementor-element elementor-element-4aeaf835\" data-id=\"4aeaf835\" data-element_type=\"column\" data-e-type=\"column\">\n\t\t\t<div class=\"elementor-widget-wrap elementor-element-populated\">\n\t\t\t\t\t\t<div class=\"elementor-element elementor-element-7dc79d52 elementor-widget elementor-widget-text-editor\" data-id=\"7dc79d52\" data-element_type=\"widget\" data-e-type=\"widget\" data-widget_type=\"text-editor.default\">\n\t\t\t\t<div class=\"elementor-widget-container\">\n\t\t\t\t\t\t\t\t\t<p>En el CE Jaume Balmes, situat a L&#8217;Hospitalet de Llobregat, estem compromesos amb <strong>oferir una formaci\u00f3 professional de qualitat<\/strong> que prepari als nostres estudiants per al m\u00f3n laboral en constant evoluci\u00f3.<\/p>\n<p>Reconocemos <strong>la importancia y relevancia de la formaci\u00f3n profesional en el panorama educativo actual<\/strong>, i per aix\u00f2, oferim una \u00e0mplia gamma de cicles formatius de grau superior dissenyats per a satisfer les necessitats i aspiracions dels nostres alumnes.<\/p>\n<p>Els nostres cicles formatius de grau superior abasten una varietat de camps, des d&#8217;<strong><a href=\"https:\/\/ciclesformatius.es\/es\/ciclos-formativos-imagen\/cfgs-asesoria-imagen-personal-y-corporativa\/\">Assessoria d&#8217;Imatge Personal i Corporativa<\/a><\/strong> fins a <a href=\"https:\/\/ciclesformatius.es\/es\/cfgs-marketing-y-publicidad\/\"><strong>M\u00e0rqueting i Publicitat<\/strong><\/a>, passant per <strong><a href=\"https:\/\/ciclesformatius.es\/es\/cfgs-administracion-y-finanzas\/\">Administraci\u00f3 i Finances<\/a><\/strong>, <strong><a href=\"https:\/\/ciclesformatius.es\/es\/ciclos-formativos-deportes\/cfgs-ensenanza-y-animacion-sociodeportiva\/\">Ensenyament i Animaci\u00f3 Socioesportiva<\/a><\/strong> i <strong><a href=\"https:\/\/ciclesformatius.es\/es\/cicles-formatius-tecnologies\/cfgs-sistemas-de-telecomunicaciones-e-informaticos\/\">Sistemes de Telecomunicacions<\/a><\/strong><a href=\"https:\/\/ciclesformatius.es\/es\/cicles-formatius-tecnologies\/cfgs-sistemas-de-telecomunicaciones-e-informaticos\/\"> i<\/a><strong><a href=\"https:\/\/ciclesformatius.es\/es\/cicles-formatius-tecnologies\/cfgs-sistemas-de-telecomunicaciones-e-informaticos\/\"> Inform\u00e0tics<\/a><\/strong>.<\/p>\n<p>Cadascun d&#8217;aquests programes est\u00e0 dissenyat per a proporcionar als nostres estudiants les habilitats pr\u00e0ctiques i el coneixement te\u00f2ric necessaris per a tenir \u00e8xit en les seves futures carreres professionals.<\/p>\n\n<h4><span style=\"color: #0020c2;\"><strong>Tallers per l&#8217;alumnat de Batxillerat!<\/strong><\/span><\/h4>\n<p>Recientemente, los jefes de departamento de nuestros ciclos formativos de grado superior llevaron a cabo una serie de talleres dirigidos a estudiantes de primer a\u00f1o de <a href=\"https:\/\/www.jaumebalmes.com\/estudis\/batxillerat-2\/\"><strong>bachillerato<\/strong><\/a>.<\/p>\n<p>Estos talleres ten\u00edan como objetivo principal mostrar a los alumnos las <strong>m\u00faltiples oportunidades y posibilidades que tien en su disposici\u00f3n en elegir la formaci\u00f3n profesional<\/strong> en el Balmes.<\/p>\n\n<p>Desde presentaciones interactivas hasta actividades pr\u00e1cticas, los estudiantes tuvieron la oportunidad de explorar de primera mano las diferentes \u00e1reas de estudio y comprender c\u00f3mo \u00e9stas se alinean con sus intereses y metas profesionales.<\/p>\n<h4><strong><span style=\"color: #0020c2;\">\u00bfPor qu\u00e9 elegir la Formaci\u00f3n Profesional en Balmes?.<\/span><\/strong><\/h4>\n<p>La formaci\u00f3n profesional en el Balmes va m\u00e1s all\u00e1 de la adquisici\u00f3n de habilidades t\u00e9cnicas; se trata de ofrecer una <strong>experiencia educativa integral<\/strong> que prepare a nuestros estudiantes para afrontar los desaf\u00edos del mundo laboral actual. Nuestro <strong>enfoque pr\u00e1ctico y orientado al mercado laboral<\/strong> garantiza que nuestros graduados est\u00e9n bien preparados para ingresar en el mercado laboral con confianza y competencia.<\/p>\n<p>Adem\u00e1s, nuestra ubicaci\u00f3n estrat\u00e9gica en Hospitalet de Llobregat brinda a nuestros estudiantes <strong>acceso a una amplia variedad de oportunidades de pr\u00e1cticas profesionales<\/strong> y colaboraciones con empresas locales, lo que les permite adquirir experiencia pr\u00e1ctica y establecer conexiones valiosas en su campo elegido.<\/p>\n<p>En Balmes, creemos firmemente en el valor y la importancia de <strong>la formaci\u00f3n profesional como una opci\u00f3n educativa v\u00e1lida y relevante.<\/strong> Nuestros ciclos formativos de grado superior ofrecen a los estudiantes la oportunidad de desarrollar habilidades s\u00f3lidas y relevantes que les van a preparar para enfrentar los desaf\u00edos del mundo laboral actual y futuro.<\/p>\n<p> <\/p>\n<h5><span style=\"color: #ff9900;\"><strong>\u00a1\u00danete a nosotros y descubre el potencial de la formaci\u00f3n profesional en el Balmes!<\/strong><\/span><\/h5>\t\t\t\t\t\t\t\t<\/div>\n\t\t\t\t<\/div>\n\t\t\t\t\t<\/div>\n\t\t<\/div>\n\t\t\t\t\t<\/div>\n\t\t<\/section>\n\t\t\t\t<section class=\"elementor-section elementor-top-section elementor-element elementor-element-720126b elementor-section-boxed elementor-section-height-default elementor-section-height-default\" data-id=\"720126b\" data-element_type=\"section\" data-e-type=\"section\" data-settings=\"{&quot;jet_parallax_layout_list&quot;:[]}\">\n\t\t\t\t\t\t<div class=\"elementor-container elementor-column-gap-default\">\n\t\t\t\t\t<div class=\"elementor-column elementor-col-100 elementor-top-column elementor-element elementor-element-dcae541\" data-id=\"dcae541\" data-element_type=\"column\" data-e-type=\"column\">\n\t\t\t<div class=\"elementor-widget-wrap elementor-element-populated\">\n\t\t\t\t\t\t<div class=\"elementor-element elementor-element-25834d6 elementor-button-info elementor-align-center elementor-widget elementor-widget-button\" data-id=\"25834d6\" data-element_type=\"widget\" data-e-type=\"widget\" data-widget_type=\"button.default\">\n\t\t\t\t<div class=\"elementor-widget-container\">\n\t\t\t\t\t\t\t\t\t<div class=\"elementor-button-wrapper\">\n\t\t\t\t\t<a class=\"elementor-button elementor-button-link elementor-size-sm\" href=\"https:\/\/ciclesformatius.es\/es\/mas-informacion\/\">\n\t\t\t\t\t\t<span class=\"elementor-button-content-wrapper\">\n\t\t\t\t\t\t\t\t\t<span class=\"elementor-button-text\">M\u00e1s informaci\u00f3n<\/span>\n\t\t\t\t\t<\/span>\n\t\t\t\t\t<\/a>\n\t\t\t\t<\/div>\n\t\t\t\t\t\t\t\t<\/div>\n\t\t\t\t<\/div>\n\t\t\t\t<div class=\"elementor-element elementor-element-fd6ae5c elementor-widget elementor-widget-spacer\" data-id=\"fd6ae5c\" data-element_type=\"widget\" data-e-type=\"widget\" data-widget_type=\"spacer.default\">\n\t\t\t\t<div class=\"elementor-widget-container\">\n\t\t\t\t\t\t\t<div class=\"elementor-spacer\">\n\t\t\t<div class=\"elementor-spacer-inner\"><\/div>\n\t\t<\/div>\n\t\t\t\t\t\t<\/div>\n\t\t\t\t<\/div>\n\t\t\t\t\t<\/div>\n\t\t<\/div>\n\t\t\t\t\t<\/div>\n\t\t<\/section>\n\t\t\t\t<section class=\"elementor-section elementor-top-section elementor-element elementor-element-59b2d23 elementor-section-boxed elementor-section-height-default elementor-section-height-default\" data-id=\"59b2d23\" data-element_type=\"section\" data-e-type=\"section\" data-settings=\"{&quot;jet_parallax_layout_list&quot;:[]}\">\n\t\t\t\t\t\t<div class=\"elementor-container elementor-column-gap-default\">\n\t\t\t\t\t<div class=\"elementor-column elementor-col-33 elementor-top-column elementor-element elementor-element-ef65cf4\" data-id=\"ef65cf4\" data-element_type=\"column\" data-e-type=\"column\">\n\t\t\t<div class=\"elementor-widget-wrap elementor-element-populated\">\n\t\t\t\t\t\t<div class=\"elementor-element elementor-element-ac7aff6 elementor-widget elementor-widget-image\" data-id=\"ac7aff6\" data-element_type=\"widget\" data-e-type=\"widget\" data-widget_type=\"image.default\">\n\t\t\t\t<div class=\"elementor-widget-container\">\n\t\t\t\t\t\t\t\t\t\t\t\t\t\t\t<img fetchpriority=\"high\" decoding=\"async\" width=\"900\" height=\"600\" src=\"https:\/\/ciclesformatius.es\/wp-content\/uploads\/2024\/04\/DSC02753-1024x683.jpg\" class=\"attachment-large size-large wp-image-3740\" alt=\"Cicles formatius d&#039;esports\" srcset=\"https:\/\/ciclesformatius.es\/wp-content\/uploads\/2024\/04\/DSC02753-1024x683.jpg 1024w, https:\/\/ciclesformatius.es\/wp-content\/uploads\/2024\/04\/DSC02753-300x200.jpg 300w, https:\/\/ciclesformatius.es\/wp-content\/uploads\/2024\/04\/DSC02753-768x512.jpg 768w, https:\/\/ciclesformatius.es\/wp-content\/uploads\/2024\/04\/DSC02753-1536x1024.jpg 1536w, https:\/\/ciclesformatius.es\/wp-content\/uploads\/2024\/04\/DSC02753-2048x1365.jpg 2048w\" sizes=\"(max-width: 900px) 100vw, 900px\" \/>\t\t\t\t\t\t\t\t\t\t\t\t\t\t\t<\/div>\n\t\t\t\t<\/div>\n\t\t\t\t\t<\/div>\n\t\t<\/div>\n\t\t\t\t<div class=\"elementor-column elementor-col-33 elementor-top-column elementor-element elementor-element-9185afd\" data-id=\"9185afd\" data-element_type=\"column\" data-e-type=\"column\">\n\t\t\t<div class=\"elementor-widget-wrap elementor-element-populated\">\n\t\t\t\t\t\t<div class=\"elementor-element elementor-element-5e4d9e1 elementor-widget elementor-widget-image\" data-id=\"5e4d9e1\" data-element_type=\"widget\" data-e-type=\"widget\" data-widget_type=\"image.default\">\n\t\t\t\t<div class=\"elementor-widget-container\">\n\t\t\t\t\t\t\t\t\t\t\t\t\t\t\t<img decoding=\"async\" width=\"900\" height=\"675\" src=\"https:\/\/ciclesformatius.es\/wp-content\/uploads\/2024\/04\/WhatsApp-Image-2024-04-10-at-13.03.01-1024x768.jpeg\" class=\"attachment-large size-large wp-image-3741\" alt=\"Cicles formatius de telecomunicacions i inform\u00e0tica\" srcset=\"https:\/\/ciclesformatius.es\/wp-content\/uploads\/2024\/04\/WhatsApp-Image-2024-04-10-at-13.03.01-1024x768.jpeg 1024w, https:\/\/ciclesformatius.es\/wp-content\/uploads\/2024\/04\/WhatsApp-Image-2024-04-10-at-13.03.01-300x225.jpeg 300w, https:\/\/ciclesformatius.es\/wp-content\/uploads\/2024\/04\/WhatsApp-Image-2024-04-10-at-13.03.01-768x576.jpeg 768w, https:\/\/ciclesformatius.es\/wp-content\/uploads\/2024\/04\/WhatsApp-Image-2024-04-10-at-13.03.01-1536x1152.jpeg 1536w, https:\/\/ciclesformatius.es\/wp-content\/uploads\/2024\/04\/WhatsApp-Image-2024-04-10-at-13.03.01.jpeg 2000w\" sizes=\"(max-width: 900px) 100vw, 900px\" \/>\t\t\t\t\t\t\t\t\t\t\t\t\t\t\t<\/div>\n\t\t\t\t<\/div>\n\t\t\t\t\t<\/div>\n\t\t<\/div>\n\t\t\t\t<div class=\"elementor-column elementor-col-33 elementor-top-column elementor-element elementor-element-8146686\" data-id=\"8146686\" data-element_type=\"column\" data-e-type=\"column\">\n\t\t\t<div class=\"elementor-widget-wrap elementor-element-populated\">\n\t\t\t\t\t\t<div class=\"elementor-element elementor-element-b29ea54 elementor-widget elementor-widget-image\" data-id=\"b29ea54\" data-element_type=\"widget\" data-e-type=\"widget\" data-widget_type=\"image.default\">\n\t\t\t\t<div class=\"elementor-widget-container\">\n\t\t\t\t\t\t\t\t\t\t\t\t\t\t\t<img decoding=\"async\" width=\"900\" height=\"600\" src=\"https:\/\/ciclesformatius.es\/wp-content\/uploads\/2024\/04\/DSC02730-1-1024x683.jpg\" class=\"attachment-large size-large wp-image-3742\" alt=\"Cicles formatius de m\u00e0rqueting\" srcset=\"https:\/\/ciclesformatius.es\/wp-content\/uploads\/2024\/04\/DSC02730-1-1024x683.jpg 1024w, https:\/\/ciclesformatius.es\/wp-content\/uploads\/2024\/04\/DSC02730-1-300x200.jpg 300w, https:\/\/ciclesformatius.es\/wp-content\/uploads\/2024\/04\/DSC02730-1-768x512.jpg 768w, https:\/\/ciclesformatius.es\/wp-content\/uploads\/2024\/04\/DSC02730-1-1536x1024.jpg 1536w, https:\/\/ciclesformatius.es\/wp-content\/uploads\/2024\/04\/DSC02730-1-2048x1365.jpg 2048w\" sizes=\"(max-width: 900px) 100vw, 900px\" \/>\t\t\t\t\t\t\t\t\t\t\t\t\t\t\t<\/div>\n\t\t\t\t<\/div>\n\t\t\t\t\t<\/div>\n\t\t<\/div>\n\t\t\t\t\t<\/div>\n\t\t<\/section>\n\t\t\t\t<section class=\"elementor-section elementor-top-section elementor-element elementor-element-a4c9167 elementor-section-boxed elementor-section-height-default elementor-section-height-default\" data-id=\"a4c9167\" data-element_type=\"section\" data-e-type=\"section\" data-settings=\"{&quot;jet_parallax_layout_list&quot;:[]}\">\n\t\t\t\t\t\t<div class=\"elementor-container elementor-column-gap-default\">\n\t\t\t\t\t<div class=\"elementor-column elementor-col-50 elementor-top-column elementor-element elementor-element-2105373\" data-id=\"2105373\" data-element_type=\"column\" data-e-type=\"column\">\n\t\t\t<div class=\"elementor-widget-wrap elementor-element-populated\">\n\t\t\t\t\t\t<div class=\"elementor-element elementor-element-5b6d2c0 elementor-widget elementor-widget-image\" data-id=\"5b6d2c0\" data-element_type=\"widget\" data-e-type=\"widget\" data-widget_type=\"image.default\">\n\t\t\t\t<div class=\"elementor-widget-container\">\n\t\t\t\t\t\t\t\t\t\t\t\t\t\t\t<img loading=\"lazy\" decoding=\"async\" width=\"900\" height=\"600\" src=\"https:\/\/ciclesformatius.es\/wp-content\/uploads\/2024\/04\/DSC02742-1024x683.jpg\" class=\"attachment-large size-large wp-image-3739\" alt=\"Cicles formatius Barcelona\" srcset=\"https:\/\/ciclesformatius.es\/wp-content\/uploads\/2024\/04\/DSC02742-1024x683.jpg 1024w, https:\/\/ciclesformatius.es\/wp-content\/uploads\/2024\/04\/DSC02742-300x200.jpg 300w, https:\/\/ciclesformatius.es\/wp-content\/uploads\/2024\/04\/DSC02742-768x512.jpg 768w, https:\/\/ciclesformatius.es\/wp-content\/uploads\/2024\/04\/DSC02742-1536x1024.jpg 1536w, https:\/\/ciclesformatius.es\/wp-content\/uploads\/2024\/04\/DSC02742-2048x1365.jpg 2048w\" sizes=\"(max-width: 900px) 100vw, 900px\" \/>\t\t\t\t\t\t\t\t\t\t\t\t\t\t\t<\/div>\n\t\t\t\t<\/div>\n\t\t\t\t\t<\/div>\n\t\t<\/div>\n\t\t\t\t<div class=\"elementor-column elementor-col-50 elementor-top-column elementor-element elementor-element-d2e3e9a\" data-id=\"d2e3e9a\" data-element_type=\"column\" data-e-type=\"column\">\n\t\t\t<div class=\"elementor-widget-wrap elementor-element-populated\">\n\t\t\t\t\t\t<div class=\"elementor-element elementor-element-b3ba9fd elementor-widget elementor-widget-image\" data-id=\"b3ba9fd\" data-element_type=\"widget\" data-e-type=\"widget\" data-widget_type=\"image.default\">\n\t\t\t\t<div class=\"elementor-widget-container\">\n\t\t\t\t\t\t\t\t\t\t\t\t\t\t\t<img loading=\"lazy\" decoding=\"async\" width=\"900\" height=\"600\" src=\"https:\/\/ciclesformatius.es\/wp-content\/uploads\/2024\/04\/DSC02738-1024x683.jpg\" class=\"attachment-large size-large wp-image-3738\" alt=\"Cicles Formatius de Finances\" srcset=\"https:\/\/ciclesformatius.es\/wp-content\/uploads\/2024\/04\/DSC02738-1024x683.jpg 1024w, https:\/\/ciclesformatius.es\/wp-content\/uploads\/2024\/04\/DSC02738-300x200.jpg 300w, https:\/\/ciclesformatius.es\/wp-content\/uploads\/2024\/04\/DSC02738-768x512.jpg 768w, https:\/\/ciclesformatius.es\/wp-content\/uploads\/2024\/04\/DSC02738-1536x1024.jpg 1536w, https:\/\/ciclesformatius.es\/wp-content\/uploads\/2024\/04\/DSC02738-2048x1365.jpg 2048w\" sizes=\"(max-width: 900px) 100vw, 900px\" \/>\t\t\t\t\t\t\t\t\t\t\t\t\t\t\t<\/div>\n\t\t\t\t<\/div>\n\t\t\t\t\t<\/div>\n\t\t<\/div>\n\t\t\t\t\t<\/div>\n\t\t<\/section>\n\t\t\t\t<\/div>\n\t\t","protected":false},"excerpt":{"rendered":"<p>En el CE Jaume Balmes, situat a L&#8217;Hospitalet de Llobregat, estem compromesos amb oferir una formaci\u00f3 professional de qualitat que prepari als nostres estudiants per al m\u00f3n laboral en constant evoluci\u00f3. Reconocemos la importancia y relevancia de la formaci\u00f3n profesional en el panorama educativo actual, i per aix\u00f2, oferim una \u00e0mplia gamma de cicles formatius &#8230; <a title=\"\u00a1La Formaci\u00f3n Profesional en el Balmes!\" class=\"read-more\" href=\"https:\/\/ciclesformatius.es\/es\/la-formacion-profesional-en-el-balmes\/\" aria-label=\"Leer m\u00e1s sobre \u00a1La Formaci\u00f3n Profesional en el Balmes!\">Leer m\u00e1s<\/a><\/p>\n","protected":false},"author":2,"featured_media":3738,"comment_status":"open","ping_status":"open","sticky":false,"template":"","format":"standard","meta":{"inline_featured_image":false,"footnotes":""},"categories":[25],"tags":[35,33,34],"class_list":["post-3898","post","type-post","status-publish","format-standard","has-post-thumbnail","hentry","category-sin-categoria","tag-balmesciclos","tag-formacion-profesional","tag-fpbalmes-es"],"yoast_head":"<!-- This site is optimized with the Yoast SEO plugin v27.4 - https:\/\/yoast.com\/product\/yoast-seo-wordpress\/ -->\n<title>Formaci\u00f3n Profesional en Barcelona: Descubre el Centro Balmes<\/title>\n<meta name=\"description\" content=\"Conoce c\u00f3mo el centro Balmes impulsa la formaci\u00f3n profesional en Barcelona con ciclos formativos, salidas reales y conexi\u00f3n con el mundo laboral.\" \/>\n<meta name=\"robots\" content=\"index, follow, max-snippet:-1, max-image-preview:large, max-video-preview:-1\" \/>\n<link rel=\"canonical\" href=\"https:\/\/ciclesformatius.es\/es\/la-formacion-profesional-en-el-balmes\/\" \/>\n<meta property=\"og:locale\" content=\"es_ES\" \/>\n<meta property=\"og:type\" content=\"article\" \/>\n<meta property=\"og:title\" content=\"Formaci\u00f3n Profesional en Barcelona: Descubre el Centro Balmes\" \/>\n<meta property=\"og:description\" content=\"Conoce c\u00f3mo el centro Balmes impulsa la formaci\u00f3n profesional en Barcelona con ciclos formativos, salidas reales y conexi\u00f3n con el mundo laboral.\" \/>\n<meta property=\"og:url\" content=\"https:\/\/ciclesformatius.es\/es\/la-formacion-profesional-en-el-balmes\/\" \/>\n<meta property=\"og:site_name\" content=\"Cicles Formatius Jaume Balmes\" \/>\n<meta property=\"article:publisher\" content=\"https:\/\/www.facebook.com\/cejaumebalmes\" \/>\n<meta property=\"article:published_time\" content=\"2024-04-17T07:24:48+00:00\" \/>\n<meta property=\"article:modified_time\" content=\"2025-12-16T17:48:26+00:00\" \/>\n<meta property=\"og:image\" content=\"https:\/\/ciclesformatius.es\/wp-content\/uploads\/2024\/04\/DSC02738-scaled.jpg\" \/>\n\t<meta property=\"og:image:width\" content=\"2560\" \/>\n\t<meta property=\"og:image:height\" content=\"1707\" \/>\n\t<meta property=\"og:image:type\" content=\"image\/jpeg\" \/>\n<meta name=\"author\" content=\"Alba Medina\" \/>\n<meta name=\"twitter:card\" content=\"summary_large_image\" \/>\n<meta name=\"twitter:creator\" content=\"@cejaumebalmes\" \/>\n<meta name=\"twitter:site\" content=\"@cejaumebalmes\" \/>\n<meta name=\"twitter:label1\" content=\"Escrito por\" \/>\n\t<meta name=\"twitter:data1\" content=\"Alba Medina\" \/>\n\t<meta name=\"twitter:label2\" content=\"Tiempo de lectura\" \/>\n\t<meta name=\"twitter:data2\" content=\"4 minutos\" \/>\n<script type=\"application\/ld+json\" class=\"yoast-schema-graph\">{\"@context\":\"https:\\\/\\\/schema.org\",\"@graph\":[{\"@type\":\"Article\",\"@id\":\"https:\\\/\\\/ciclesformatius.es\\\/es\\\/la-formacion-profesional-en-el-balmes\\\/#article\",\"isPartOf\":{\"@id\":\"https:\\\/\\\/ciclesformatius.es\\\/es\\\/la-formacion-profesional-en-el-balmes\\\/\"},\"author\":{\"name\":\"Alba Medina\",\"@id\":\"https:\\\/\\\/ciclesformatius.es\\\/es\\\/#\\\/schema\\\/person\\\/3ceae0d42c2a35087d8b3039cb60deda\"},\"headline\":\"\u00a1La Formaci\u00f3n Profesional en el Balmes!\",\"datePublished\":\"2024-04-17T07:24:48+00:00\",\"dateModified\":\"2025-12-16T17:48:26+00:00\",\"mainEntityOfPage\":{\"@id\":\"https:\\\/\\\/ciclesformatius.es\\\/es\\\/la-formacion-profesional-en-el-balmes\\\/\"},\"wordCount\":456,\"commentCount\":0,\"publisher\":{\"@id\":\"https:\\\/\\\/ciclesformatius.es\\\/es\\\/#organization\"},\"image\":{\"@id\":\"https:\\\/\\\/ciclesformatius.es\\\/es\\\/la-formacion-profesional-en-el-balmes\\\/#primaryimage\"},\"thumbnailUrl\":\"https:\\\/\\\/ciclesformatius.es\\\/wp-content\\\/uploads\\\/2024\\\/04\\\/DSC02738-scaled.jpg\",\"keywords\":[\"balmesciclos\",\"formaci\u00f3n profesional\",\"fpbalmes\"],\"inLanguage\":\"es\",\"potentialAction\":[{\"@type\":\"CommentAction\",\"name\":\"Comment\",\"target\":[\"https:\\\/\\\/ciclesformatius.es\\\/es\\\/la-formacion-profesional-en-el-balmes\\\/#respond\"]}]},{\"@type\":\"WebPage\",\"@id\":\"https:\\\/\\\/ciclesformatius.es\\\/es\\\/la-formacion-profesional-en-el-balmes\\\/\",\"url\":\"https:\\\/\\\/ciclesformatius.es\\\/es\\\/la-formacion-profesional-en-el-balmes\\\/\",\"name\":\"Formaci\u00f3n Profesional en Barcelona: Descubre el Centro Balmes\",\"isPartOf\":{\"@id\":\"https:\\\/\\\/ciclesformatius.es\\\/es\\\/#website\"},\"primaryImageOfPage\":{\"@id\":\"https:\\\/\\\/ciclesformatius.es\\\/es\\\/la-formacion-profesional-en-el-balmes\\\/#primaryimage\"},\"image\":{\"@id\":\"https:\\\/\\\/ciclesformatius.es\\\/es\\\/la-formacion-profesional-en-el-balmes\\\/#primaryimage\"},\"thumbnailUrl\":\"https:\\\/\\\/ciclesformatius.es\\\/wp-content\\\/uploads\\\/2024\\\/04\\\/DSC02738-scaled.jpg\",\"datePublished\":\"2024-04-17T07:24:48+00:00\",\"dateModified\":\"2025-12-16T17:48:26+00:00\",\"description\":\"Conoce c\u00f3mo el centro Balmes impulsa la formaci\u00f3n profesional en Barcelona con ciclos formativos, salidas reales y conexi\u00f3n con el mundo laboral.\",\"breadcrumb\":{\"@id\":\"https:\\\/\\\/ciclesformatius.es\\\/es\\\/la-formacion-profesional-en-el-balmes\\\/#breadcrumb\"},\"inLanguage\":\"es\",\"potentialAction\":[{\"@type\":\"ReadAction\",\"target\":[\"https:\\\/\\\/ciclesformatius.es\\\/es\\\/la-formacion-profesional-en-el-balmes\\\/\"]}]},{\"@type\":\"ImageObject\",\"inLanguage\":\"es\",\"@id\":\"https:\\\/\\\/ciclesformatius.es\\\/es\\\/la-formacion-profesional-en-el-balmes\\\/#primaryimage\",\"url\":\"https:\\\/\\\/ciclesformatius.es\\\/wp-content\\\/uploads\\\/2024\\\/04\\\/DSC02738-scaled.jpg\",\"contentUrl\":\"https:\\\/\\\/ciclesformatius.es\\\/wp-content\\\/uploads\\\/2024\\\/04\\\/DSC02738-scaled.jpg\",\"width\":2560,\"height\":1707,\"caption\":\"Cicles Formatius de Finances\"},{\"@type\":\"BreadcrumbList\",\"@id\":\"https:\\\/\\\/ciclesformatius.es\\\/es\\\/la-formacion-profesional-en-el-balmes\\\/#breadcrumb\",\"itemListElement\":[{\"@type\":\"ListItem\",\"position\":1,\"name\":\"Inici\",\"item\":\"https:\\\/\\\/ciclesformatius.es\\\/es\\\/inicio\\\/\"},{\"@type\":\"ListItem\",\"position\":2,\"name\":\"\u00a1La Formaci\u00f3n Profesional en el Balmes!\"}]},{\"@type\":\"WebSite\",\"@id\":\"https:\\\/\\\/ciclesformatius.es\\\/es\\\/#website\",\"url\":\"https:\\\/\\\/ciclesformatius.es\\\/es\\\/\",\"name\":\"Cicles Formatius Jaume Balmes\",\"description\":\"\",\"publisher\":{\"@id\":\"https:\\\/\\\/ciclesformatius.es\\\/es\\\/#organization\"},\"potentialAction\":[{\"@type\":\"SearchAction\",\"target\":{\"@type\":\"EntryPoint\",\"urlTemplate\":\"https:\\\/\\\/ciclesformatius.es\\\/es\\\/?s={search_term_string}\"},\"query-input\":{\"@type\":\"PropertyValueSpecification\",\"valueRequired\":true,\"valueName\":\"search_term_string\"}}],\"inLanguage\":\"es\"},{\"@type\":\"Organization\",\"@id\":\"https:\\\/\\\/ciclesformatius.es\\\/es\\\/#organization\",\"name\":\"Centre d'Estudis Jaume Balmes\",\"url\":\"https:\\\/\\\/ciclesformatius.es\\\/es\\\/\",\"logo\":{\"@type\":\"ImageObject\",\"inLanguage\":\"es\",\"@id\":\"https:\\\/\\\/ciclesformatius.es\\\/es\\\/#\\\/schema\\\/logo\\\/image\\\/\",\"url\":\"https:\\\/\\\/ciclesformatius.es\\\/wp-content\\\/uploads\\\/2023\\\/01\\\/balmes-01.svg\",\"contentUrl\":\"https:\\\/\\\/ciclesformatius.es\\\/wp-content\\\/uploads\\\/2023\\\/01\\\/balmes-01.svg\",\"caption\":\"Centre d'Estudis Jaume Balmes\"},\"image\":{\"@id\":\"https:\\\/\\\/ciclesformatius.es\\\/es\\\/#\\\/schema\\\/logo\\\/image\\\/\"},\"sameAs\":[\"https:\\\/\\\/www.facebook.com\\\/cejaumebalmes\",\"https:\\\/\\\/x.com\\\/cejaumebalmes\"]},{\"@type\":\"Person\",\"@id\":\"https:\\\/\\\/ciclesformatius.es\\\/es\\\/#\\\/schema\\\/person\\\/3ceae0d42c2a35087d8b3039cb60deda\",\"name\":\"Alba Medina\",\"image\":{\"@type\":\"ImageObject\",\"inLanguage\":\"es\",\"@id\":\"https:\\\/\\\/secure.gravatar.com\\\/avatar\\\/a1f456bed3f96b0df1cdf47b5af3103fcc8d9c5970530249d90e9baddc9aaba9?s=96&d=mm&r=g\",\"url\":\"https:\\\/\\\/secure.gravatar.com\\\/avatar\\\/a1f456bed3f96b0df1cdf47b5af3103fcc8d9c5970530249d90e9baddc9aaba9?s=96&d=mm&r=g\",\"contentUrl\":\"https:\\\/\\\/secure.gravatar.com\\\/avatar\\\/a1f456bed3f96b0df1cdf47b5af3103fcc8d9c5970530249d90e9baddc9aaba9?s=96&d=mm&r=g\",\"caption\":\"Alba Medina\"}}]}<\/script>\n<!-- \/ Yoast SEO plugin. -->","yoast_head_json":{"title":"Formaci\u00f3n Profesional en Barcelona: Descubre el Centro Balmes","description":"Conoce c\u00f3mo el centro Balmes impulsa la formaci\u00f3n profesional en Barcelona con ciclos formativos, salidas reales y conexi\u00f3n con el mundo laboral.","robots":{"index":"index","follow":"follow","max-snippet":"max-snippet:-1","max-image-preview":"max-image-preview:large","max-video-preview":"max-video-preview:-1"},"canonical":"https:\/\/ciclesformatius.es\/es\/la-formacion-profesional-en-el-balmes\/","og_locale":"es_ES","og_type":"article","og_title":"Formaci\u00f3n Profesional en Barcelona: Descubre el Centro Balmes","og_description":"Conoce c\u00f3mo el centro Balmes impulsa la formaci\u00f3n profesional en Barcelona con ciclos formativos, salidas reales y conexi\u00f3n con el mundo laboral.","og_url":"https:\/\/ciclesformatius.es\/es\/la-formacion-profesional-en-el-balmes\/","og_site_name":"Cicles Formatius Jaume Balmes","article_publisher":"https:\/\/www.facebook.com\/cejaumebalmes","article_published_time":"2024-04-17T07:24:48+00:00","article_modified_time":"2025-12-16T17:48:26+00:00","og_image":[{"width":2560,"height":1707,"url":"https:\/\/ciclesformatius.es\/wp-content\/uploads\/2024\/04\/DSC02738-scaled.jpg","type":"image\/jpeg"}],"author":"Alba Medina","twitter_card":"summary_large_image","twitter_creator":"@cejaumebalmes","twitter_site":"@cejaumebalmes","twitter_misc":{"Escrito por":"Alba Medina","Tiempo de lectura":"4 minutos"},"schema":{"@context":"https:\/\/schema.org","@graph":[{"@type":"Article","@id":"https:\/\/ciclesformatius.es\/es\/la-formacion-profesional-en-el-balmes\/#article","isPartOf":{"@id":"https:\/\/ciclesformatius.es\/es\/la-formacion-profesional-en-el-balmes\/"},"author":{"name":"Alba Medina","@id":"https:\/\/ciclesformatius.es\/es\/#\/schema\/person\/3ceae0d42c2a35087d8b3039cb60deda"},"headline":"\u00a1La Formaci\u00f3n Profesional en el Balmes!","datePublished":"2024-04-17T07:24:48+00:00","dateModified":"2025-12-16T17:48:26+00:00","mainEntityOfPage":{"@id":"https:\/\/ciclesformatius.es\/es\/la-formacion-profesional-en-el-balmes\/"},"wordCount":456,"commentCount":0,"publisher":{"@id":"https:\/\/ciclesformatius.es\/es\/#organization"},"image":{"@id":"https:\/\/ciclesformatius.es\/es\/la-formacion-profesional-en-el-balmes\/#primaryimage"},"thumbnailUrl":"https:\/\/ciclesformatius.es\/wp-content\/uploads\/2024\/04\/DSC02738-scaled.jpg","keywords":["balmesciclos","formaci\u00f3n profesional","fpbalmes"],"inLanguage":"es","potentialAction":[{"@type":"CommentAction","name":"Comment","target":["https:\/\/ciclesformatius.es\/es\/la-formacion-profesional-en-el-balmes\/#respond"]}]},{"@type":"WebPage","@id":"https:\/\/ciclesformatius.es\/es\/la-formacion-profesional-en-el-balmes\/","url":"https:\/\/ciclesformatius.es\/es\/la-formacion-profesional-en-el-balmes\/","name":"Formaci\u00f3n Profesional en Barcelona: Descubre el Centro Balmes","isPartOf":{"@id":"https:\/\/ciclesformatius.es\/es\/#website"},"primaryImageOfPage":{"@id":"https:\/\/ciclesformatius.es\/es\/la-formacion-profesional-en-el-balmes\/#primaryimage"},"image":{"@id":"https:\/\/ciclesformatius.es\/es\/la-formacion-profesional-en-el-balmes\/#primaryimage"},"thumbnailUrl":"https:\/\/ciclesformatius.es\/wp-content\/uploads\/2024\/04\/DSC02738-scaled.jpg","datePublished":"2024-04-17T07:24:48+00:00","dateModified":"2025-12-16T17:48:26+00:00","description":"Conoce c\u00f3mo el centro Balmes impulsa la formaci\u00f3n profesional en Barcelona con ciclos formativos, salidas reales y conexi\u00f3n con el mundo laboral.","breadcrumb":{"@id":"https:\/\/ciclesformatius.es\/es\/la-formacion-profesional-en-el-balmes\/#breadcrumb"},"inLanguage":"es","potentialAction":[{"@type":"ReadAction","target":["https:\/\/ciclesformatius.es\/es\/la-formacion-profesional-en-el-balmes\/"]}]},{"@type":"ImageObject","inLanguage":"es","@id":"https:\/\/ciclesformatius.es\/es\/la-formacion-profesional-en-el-balmes\/#primaryimage","url":"https:\/\/ciclesformatius.es\/wp-content\/uploads\/2024\/04\/DSC02738-scaled.jpg","contentUrl":"https:\/\/ciclesformatius.es\/wp-content\/uploads\/2024\/04\/DSC02738-scaled.jpg","width":2560,"height":1707,"caption":"Cicles Formatius de Finances"},{"@type":"BreadcrumbList","@id":"https:\/\/ciclesformatius.es\/es\/la-formacion-profesional-en-el-balmes\/#breadcrumb","itemListElement":[{"@type":"ListItem","position":1,"name":"Inici","item":"https:\/\/ciclesformatius.es\/es\/inicio\/"},{"@type":"ListItem","position":2,"name":"\u00a1La Formaci\u00f3n Profesional en el Balmes!"}]},{"@type":"WebSite","@id":"https:\/\/ciclesformatius.es\/es\/#website","url":"https:\/\/ciclesformatius.es\/es\/","name":"Cicles Formatius Jaume Balmes","description":"","publisher":{"@id":"https:\/\/ciclesformatius.es\/es\/#organization"},"potentialAction":[{"@type":"SearchAction","target":{"@type":"EntryPoint","urlTemplate":"https:\/\/ciclesformatius.es\/es\/?s={search_term_string}"},"query-input":{"@type":"PropertyValueSpecification","valueRequired":true,"valueName":"search_term_string"}}],"inLanguage":"es"},{"@type":"Organization","@id":"https:\/\/ciclesformatius.es\/es\/#organization","name":"Centre d'Estudis Jaume Balmes","url":"https:\/\/ciclesformatius.es\/es\/","logo":{"@type":"ImageObject","inLanguage":"es","@id":"https:\/\/ciclesformatius.es\/es\/#\/schema\/logo\/image\/","url":"https:\/\/ciclesformatius.es\/wp-content\/uploads\/2023\/01\/balmes-01.svg","contentUrl":"https:\/\/ciclesformatius.es\/wp-content\/uploads\/2023\/01\/balmes-01.svg","caption":"Centre d'Estudis Jaume Balmes"},"image":{"@id":"https:\/\/ciclesformatius.es\/es\/#\/schema\/logo\/image\/"},"sameAs":["https:\/\/www.facebook.com\/cejaumebalmes","https:\/\/x.com\/cejaumebalmes"]},{"@type":"Person","@id":"https:\/\/ciclesformatius.es\/es\/#\/schema\/person\/3ceae0d42c2a35087d8b3039cb60deda","name":"Alba Medina","image":{"@type":"ImageObject","inLanguage":"es","@id":"https:\/\/secure.gravatar.com\/avatar\/a1f456bed3f96b0df1cdf47b5af3103fcc8d9c5970530249d90e9baddc9aaba9?s=96&d=mm&r=g","url":"https:\/\/secure.gravatar.com\/avatar\/a1f456bed3f96b0df1cdf47b5af3103fcc8d9c5970530249d90e9baddc9aaba9?s=96&d=mm&r=g","contentUrl":"https:\/\/secure.gravatar.com\/avatar\/a1f456bed3f96b0df1cdf47b5af3103fcc8d9c5970530249d90e9baddc9aaba9?s=96&d=mm&r=g","caption":"Alba Medina"}}]}},"_links":{"self":[{"href":"https:\/\/ciclesformatius.es\/es\/wp-json\/wp\/v2\/posts\/3898","targetHints":{"allow":["GET"]}}],"collection":[{"href":"https:\/\/ciclesformatius.es\/es\/wp-json\/wp\/v2\/posts"}],"about":[{"href":"https:\/\/ciclesformatius.es\/es\/wp-json\/wp\/v2\/types\/post"}],"author":[{"embeddable":true,"href":"https:\/\/ciclesformatius.es\/es\/wp-json\/wp\/v2\/users\/2"}],"replies":[{"embeddable":true,"href":"https:\/\/ciclesformatius.es\/es\/wp-json\/wp\/v2\/comments?post=3898"}],"version-history":[{"count":1,"href":"https:\/\/ciclesformatius.es\/es\/wp-json\/wp\/v2\/posts\/3898\/revisions"}],"predecessor-version":[{"id":3899,"href":"https:\/\/ciclesformatius.es\/es\/wp-json\/wp\/v2\/posts\/3898\/revisions\/3899"}],"wp:featuredmedia":[{"embeddable":true,"href":"https:\/\/ciclesformatius.es\/es\/wp-json\/wp\/v2\/media\/3738"}],"wp:attachment":[{"href":"https:\/\/ciclesformatius.es\/es\/wp-json\/wp\/v2\/media?parent=3898"}],"wp:term":[{"taxonomy":"category","embeddable":true,"href":"https:\/\/ciclesformatius.es\/es\/wp-json\/wp\/v2\/categories?post=3898"},{"taxonomy":"post_tag","embeddable":true,"href":"https:\/\/ciclesformatius.es\/es\/wp-json\/wp\/v2\/tags?post=3898"}],"curies":[{"name":"wp","href":"https:\/\/api.w.org\/{rel}","templated":true}]}}