{"id":3888,"date":"2024-06-25T07:14:07","date_gmt":"2024-06-25T07:14:07","guid":{"rendered":"https:\/\/ciclesformatius.es\/ganamos-a-los-premios-jovenes-emprendedores-de-lhospitalet\/"},"modified":"2025-12-16T17:45:05","modified_gmt":"2025-12-16T17:45:05","slug":"ganamos-a-los-premios-jovenes-emprendedores-de-lhospitalet","status":"publish","type":"post","link":"https:\/\/ciclesformatius.es\/es\/ganamos-a-los-premios-jovenes-emprendedores-de-lhospitalet\/","title":{"rendered":"Ganamos a los premios J\u00f3venes Emprendedores de L&#8217;Hospitalet\u00bb!"},"content":{"rendered":"\t\t<div data-elementor-type=\"wp-post\" data-elementor-id=\"3888\" class=\"elementor elementor-3888 elementor-2970\" data-elementor-post-type=\"post\">\n\t\t\t\t\t\t<section class=\"elementor-section elementor-top-section elementor-element elementor-element-4bf9b2ac elementor-section-boxed elementor-section-height-default elementor-section-height-default\" data-id=\"4bf9b2ac\" data-element_type=\"section\" data-e-type=\"section\" data-settings=\"{&quot;jet_parallax_layout_list&quot;:[]}\">\n\t\t\t\t\t\t<div class=\"elementor-container elementor-column-gap-default\">\n\t\t\t\t\t<div class=\"elementor-column elementor-col-100 elementor-top-column elementor-element elementor-element-5ae4977e\" data-id=\"5ae4977e\" data-element_type=\"column\" data-e-type=\"column\">\n\t\t\t<div class=\"elementor-widget-wrap elementor-element-populated\">\n\t\t\t\t\t\t<div class=\"elementor-element elementor-element-732d2b5d elementor-widget elementor-widget-text-editor\" data-id=\"732d2b5d\" data-element_type=\"widget\" data-e-type=\"widget\" data-widget_type=\"text-editor.default\">\n\t\t\t\t<div class=\"elementor-widget-container\">\n\t\t\t\t\t\t\t\t\t<p><\/p>\n<p>Un grupo de segundo del <strong>CFGS de Marketing y Publicidad gana<\/strong> a los premios \u00abJ\u00f3venes Emprendedores de L&#8217;Hospitalet\u00bb.<\/p>\n<p>Los ganadores son Iris Tom\u00e1s, Hugo Luna y Adri\u00e0 Quesada y ganaron el premio especial a la idea m\u00e1s innovadora gracias a su proyecto \u00ab<em><strong><a href=\"https:\/\/www.youtube.com\/watch?v=hILHqQvqjbw\">Revive tu pueblo<\/a><\/strong><\/em>\u00ab.<\/p>\n<p>El proyecto es una agencia dedicada a dar estrategias a pueblas que han perdido su poblaci\u00f3n, que forman parte de la llamada \u201cEspa\u00f1a Vaciada\u201d.<\/p>\n<p>El objetivo del proyecto \u00abRevive Tu Pueblo\u00bb es que estos pueblos peque\u00f1os recuperen la vida que han perdido a partir de herramientas y estrategias de marketing.<\/p>\n<p>\u00a1Enhorabuena chicos! \u00a1Hab\u00e9is hecho un trabajo incre\u00edble! \ud83d\udc4f<\/p>\n<p style=\"text-align: left;\"><span style=\"color: #000000;\"><strong> <\/strong><\/span><\/p>\n<p style=\"text-align: left;\"><span style=\"color: #000000;\"><strong>Si quieres crear tu proyecto y aprender el m\u00e1s nuevo del marketing, ap\u00fantate al CFGS de Marketing y Publicidad!<\/strong><\/span><\/p>\n<p><\/p>\n<p><\/p>\n<p><\/p>\n<p><\/p>\n<p><\/p>\n<figure class=\"wp-block-gallery has-nested-images columns-default is-cropped\"><\/figure>\n<p><\/p>\t\t\t\t\t\t\t\t<\/div>\n\t\t\t\t<\/div>\n\t\t\t\t<div class=\"elementor-element elementor-element-09627da elementor-button-info elementor-align-center elementor-widget elementor-widget-button\" data-id=\"09627da\" data-element_type=\"widget\" data-e-type=\"widget\" data-widget_type=\"button.default\">\n\t\t\t\t<div class=\"elementor-widget-container\">\n\t\t\t\t\t\t\t\t\t<div class=\"elementor-button-wrapper\">\n\t\t\t\t\t<a class=\"elementor-button elementor-button-link elementor-size-md\" href=\"https:\/\/ciclesformatius.es\/es\/cfgs-marketing-y-publicidad\/#formulario\">\n\t\t\t\t\t\t<span class=\"elementor-button-content-wrapper\">\n\t\t\t\t\t\t\t\t\t<span class=\"elementor-button-text\">\u00a1Quiero una plaza!<\/span>\n\t\t\t\t\t<\/span>\n\t\t\t\t\t<\/a>\n\t\t\t\t<\/div>\n\t\t\t\t\t\t\t\t<\/div>\n\t\t\t\t<\/div>\n\t\t\t\t\t<\/div>\n\t\t<\/div>\n\t\t\t\t\t<\/div>\n\t\t<\/section>\n\t\t\t\t<\/div>\n\t\t","protected":false},"excerpt":{"rendered":"<p>Un grupo de segundo del CFGS de Marketing y Publicidad gana a los premios \u00abJ\u00f3venes Emprendedores de L&#8217;Hospitalet\u00bb. Los ganadores son Iris Tom\u00e1s, Hugo Luna y Adri\u00e0 Quesada y ganaron el premio especial a la idea m\u00e1s innovadora gracias a su proyecto \u00abRevive tu pueblo\u00ab. El proyecto es una agencia dedicada a dar estrategias a &#8230; <a title=\"Ganamos a los premios J\u00f3venes Emprendedores de L&#8217;Hospitalet\u00bb!\" class=\"read-more\" href=\"https:\/\/ciclesformatius.es\/es\/ganamos-a-los-premios-jovenes-emprendedores-de-lhospitalet\/\" aria-label=\"Leer m\u00e1s sobre Ganamos a los premios J\u00f3venes Emprendedores de L&#8217;Hospitalet\u00bb!\">Leer m\u00e1s<\/a><\/p>\n","protected":false},"author":2,"featured_media":3743,"comment_status":"open","ping_status":"open","sticky":false,"template":"","format":"standard","meta":{"inline_featured_image":false,"footnotes":""},"categories":[32],"tags":[35,33,34,36,37],"class_list":["post-3888","post","type-post","status-publish","format-standard","has-post-thumbnail","hentry","category-marketing-es","tag-balmesciclos","tag-formacion-profesional","tag-fpbalmes-es","tag-marketing-es","tag-marketingypublicidad"],"yoast_head":"<!-- This site is optimized with the Yoast SEO plugin v27.4 - https:\/\/yoast.com\/product\/yoast-seo-wordpress\/ -->\n<title>Grado Superior de Marketing: J\u00f3venes Emprendedores 2024<\/title>\n<meta name=\"description\" content=\"Descubre c\u00f3mo el grado superior de marketing impulsa proyectos innovadores: ganamos los Premios J\u00f3venes Emprendedores de L\u2019Hospitalet 2024.\" \/>\n<meta name=\"robots\" content=\"index, follow, max-snippet:-1, max-image-preview:large, max-video-preview:-1\" \/>\n<link rel=\"canonical\" href=\"https:\/\/ciclesformatius.es\/es\/ganamos-a-los-premios-jovenes-emprendedores-de-lhospitalet\/\" \/>\n<meta property=\"og:locale\" content=\"es_ES\" \/>\n<meta property=\"og:type\" content=\"article\" \/>\n<meta property=\"og:title\" content=\"Grado Superior de Marketing: J\u00f3venes Emprendedores 2024\" \/>\n<meta property=\"og:description\" content=\"Descubre c\u00f3mo el grado superior de marketing impulsa proyectos innovadores: ganamos los Premios J\u00f3venes Emprendedores de L\u2019Hospitalet 2024.\" \/>\n<meta property=\"og:url\" content=\"https:\/\/ciclesformatius.es\/es\/ganamos-a-los-premios-jovenes-emprendedores-de-lhospitalet\/\" \/>\n<meta property=\"og:site_name\" content=\"Cicles Formatius Jaume Balmes\" \/>\n<meta property=\"article:publisher\" content=\"https:\/\/www.facebook.com\/cejaumebalmes\" \/>\n<meta property=\"article:published_time\" content=\"2024-06-25T07:14:07+00:00\" \/>\n<meta property=\"article:modified_time\" content=\"2025-12-16T17:45:05+00:00\" \/>\n<meta property=\"og:image\" content=\"https:\/\/ciclesformatius.es\/wp-content\/uploads\/2024\/06\/IMG_9790-scaled.jpg\" \/>\n\t<meta property=\"og:image:width\" content=\"2560\" \/>\n\t<meta property=\"og:image:height\" content=\"1440\" \/>\n\t<meta property=\"og:image:type\" content=\"image\/jpeg\" \/>\n<meta name=\"author\" content=\"Alba Medina\" \/>\n<meta name=\"twitter:card\" content=\"summary_large_image\" \/>\n<meta name=\"twitter:creator\" content=\"@cejaumebalmes\" \/>\n<meta name=\"twitter:site\" content=\"@cejaumebalmes\" \/>\n<meta name=\"twitter:label1\" content=\"Escrito por\" \/>\n\t<meta name=\"twitter:data1\" content=\"Alba Medina\" \/>\n\t<meta name=\"twitter:label2\" content=\"Tiempo de lectura\" \/>\n\t<meta name=\"twitter:data2\" content=\"1 minuto\" \/>\n<script type=\"application\/ld+json\" class=\"yoast-schema-graph\">{\"@context\":\"https:\\\/\\\/schema.org\",\"@graph\":[{\"@type\":\"Article\",\"@id\":\"https:\\\/\\\/ciclesformatius.es\\\/es\\\/ganamos-a-los-premios-jovenes-emprendedores-de-lhospitalet\\\/#article\",\"isPartOf\":{\"@id\":\"https:\\\/\\\/ciclesformatius.es\\\/es\\\/ganamos-a-los-premios-jovenes-emprendedores-de-lhospitalet\\\/\"},\"author\":{\"name\":\"Alba Medina\",\"@id\":\"https:\\\/\\\/ciclesformatius.es\\\/es\\\/#\\\/schema\\\/person\\\/3ceae0d42c2a35087d8b3039cb60deda\"},\"headline\":\"Ganamos a los premios J\u00f3venes Emprendedores de L&#8217;Hospitalet\u00bb!\",\"datePublished\":\"2024-06-25T07:14:07+00:00\",\"dateModified\":\"2025-12-16T17:45:05+00:00\",\"mainEntityOfPage\":{\"@id\":\"https:\\\/\\\/ciclesformatius.es\\\/es\\\/ganamos-a-los-premios-jovenes-emprendedores-de-lhospitalet\\\/\"},\"wordCount\":145,\"commentCount\":0,\"publisher\":{\"@id\":\"https:\\\/\\\/ciclesformatius.es\\\/es\\\/#organization\"},\"image\":{\"@id\":\"https:\\\/\\\/ciclesformatius.es\\\/es\\\/ganamos-a-los-premios-jovenes-emprendedores-de-lhospitalet\\\/#primaryimage\"},\"thumbnailUrl\":\"https:\\\/\\\/ciclesformatius.es\\\/wp-content\\\/uploads\\\/2024\\\/06\\\/IMG_9790-scaled.jpg\",\"keywords\":[\"balmesciclos\",\"formaci\u00f3n profesional\",\"fpbalmes\",\"marketing\",\"marketingypublicidad\"],\"articleSection\":[\"Marketing\"],\"inLanguage\":\"es\",\"potentialAction\":[{\"@type\":\"CommentAction\",\"name\":\"Comment\",\"target\":[\"https:\\\/\\\/ciclesformatius.es\\\/es\\\/ganamos-a-los-premios-jovenes-emprendedores-de-lhospitalet\\\/#respond\"]}]},{\"@type\":\"WebPage\",\"@id\":\"https:\\\/\\\/ciclesformatius.es\\\/es\\\/ganamos-a-los-premios-jovenes-emprendedores-de-lhospitalet\\\/\",\"url\":\"https:\\\/\\\/ciclesformatius.es\\\/es\\\/ganamos-a-los-premios-jovenes-emprendedores-de-lhospitalet\\\/\",\"name\":\"Grado Superior de Marketing: J\u00f3venes Emprendedores 2024\",\"isPartOf\":{\"@id\":\"https:\\\/\\\/ciclesformatius.es\\\/es\\\/#website\"},\"primaryImageOfPage\":{\"@id\":\"https:\\\/\\\/ciclesformatius.es\\\/es\\\/ganamos-a-los-premios-jovenes-emprendedores-de-lhospitalet\\\/#primaryimage\"},\"image\":{\"@id\":\"https:\\\/\\\/ciclesformatius.es\\\/es\\\/ganamos-a-los-premios-jovenes-emprendedores-de-lhospitalet\\\/#primaryimage\"},\"thumbnailUrl\":\"https:\\\/\\\/ciclesformatius.es\\\/wp-content\\\/uploads\\\/2024\\\/06\\\/IMG_9790-scaled.jpg\",\"datePublished\":\"2024-06-25T07:14:07+00:00\",\"dateModified\":\"2025-12-16T17:45:05+00:00\",\"description\":\"Descubre c\u00f3mo el grado superior de marketing impulsa proyectos innovadores: ganamos los Premios J\u00f3venes Emprendedores de L\u2019Hospitalet 2024.\",\"breadcrumb\":{\"@id\":\"https:\\\/\\\/ciclesformatius.es\\\/es\\\/ganamos-a-los-premios-jovenes-emprendedores-de-lhospitalet\\\/#breadcrumb\"},\"inLanguage\":\"es\",\"potentialAction\":[{\"@type\":\"ReadAction\",\"target\":[\"https:\\\/\\\/ciclesformatius.es\\\/es\\\/ganamos-a-los-premios-jovenes-emprendedores-de-lhospitalet\\\/\"]}]},{\"@type\":\"ImageObject\",\"inLanguage\":\"es\",\"@id\":\"https:\\\/\\\/ciclesformatius.es\\\/es\\\/ganamos-a-los-premios-jovenes-emprendedores-de-lhospitalet\\\/#primaryimage\",\"url\":\"https:\\\/\\\/ciclesformatius.es\\\/wp-content\\\/uploads\\\/2024\\\/06\\\/IMG_9790-scaled.jpg\",\"contentUrl\":\"https:\\\/\\\/ciclesformatius.es\\\/wp-content\\\/uploads\\\/2024\\\/06\\\/IMG_9790-scaled.jpg\",\"width\":2560,\"height\":1440,\"caption\":\"Cicles Formatius Barcelona\"},{\"@type\":\"BreadcrumbList\",\"@id\":\"https:\\\/\\\/ciclesformatius.es\\\/es\\\/ganamos-a-los-premios-jovenes-emprendedores-de-lhospitalet\\\/#breadcrumb\",\"itemListElement\":[{\"@type\":\"ListItem\",\"position\":1,\"name\":\"Inici\",\"item\":\"https:\\\/\\\/ciclesformatius.es\\\/es\\\/inicio\\\/\"},{\"@type\":\"ListItem\",\"position\":2,\"name\":\"Ganamos a los premios J\u00f3venes Emprendedores de L&#8217;Hospitalet&#8221;!\"}]},{\"@type\":\"WebSite\",\"@id\":\"https:\\\/\\\/ciclesformatius.es\\\/es\\\/#website\",\"url\":\"https:\\\/\\\/ciclesformatius.es\\\/es\\\/\",\"name\":\"Cicles Formatius Jaume Balmes\",\"description\":\"\",\"publisher\":{\"@id\":\"https:\\\/\\\/ciclesformatius.es\\\/es\\\/#organization\"},\"potentialAction\":[{\"@type\":\"SearchAction\",\"target\":{\"@type\":\"EntryPoint\",\"urlTemplate\":\"https:\\\/\\\/ciclesformatius.es\\\/es\\\/?s={search_term_string}\"},\"query-input\":{\"@type\":\"PropertyValueSpecification\",\"valueRequired\":true,\"valueName\":\"search_term_string\"}}],\"inLanguage\":\"es\"},{\"@type\":\"Organization\",\"@id\":\"https:\\\/\\\/ciclesformatius.es\\\/es\\\/#organization\",\"name\":\"Centre d'Estudis Jaume Balmes\",\"url\":\"https:\\\/\\\/ciclesformatius.es\\\/es\\\/\",\"logo\":{\"@type\":\"ImageObject\",\"inLanguage\":\"es\",\"@id\":\"https:\\\/\\\/ciclesformatius.es\\\/es\\\/#\\\/schema\\\/logo\\\/image\\\/\",\"url\":\"https:\\\/\\\/ciclesformatius.es\\\/wp-content\\\/uploads\\\/2023\\\/01\\\/balmes-01.svg\",\"contentUrl\":\"https:\\\/\\\/ciclesformatius.es\\\/wp-content\\\/uploads\\\/2023\\\/01\\\/balmes-01.svg\",\"caption\":\"Centre d'Estudis Jaume Balmes\"},\"image\":{\"@id\":\"https:\\\/\\\/ciclesformatius.es\\\/es\\\/#\\\/schema\\\/logo\\\/image\\\/\"},\"sameAs\":[\"https:\\\/\\\/www.facebook.com\\\/cejaumebalmes\",\"https:\\\/\\\/x.com\\\/cejaumebalmes\"]},{\"@type\":\"Person\",\"@id\":\"https:\\\/\\\/ciclesformatius.es\\\/es\\\/#\\\/schema\\\/person\\\/3ceae0d42c2a35087d8b3039cb60deda\",\"name\":\"Alba Medina\",\"image\":{\"@type\":\"ImageObject\",\"inLanguage\":\"es\",\"@id\":\"https:\\\/\\\/secure.gravatar.com\\\/avatar\\\/a1f456bed3f96b0df1cdf47b5af3103fcc8d9c5970530249d90e9baddc9aaba9?s=96&d=mm&r=g\",\"url\":\"https:\\\/\\\/secure.gravatar.com\\\/avatar\\\/a1f456bed3f96b0df1cdf47b5af3103fcc8d9c5970530249d90e9baddc9aaba9?s=96&d=mm&r=g\",\"contentUrl\":\"https:\\\/\\\/secure.gravatar.com\\\/avatar\\\/a1f456bed3f96b0df1cdf47b5af3103fcc8d9c5970530249d90e9baddc9aaba9?s=96&d=mm&r=g\",\"caption\":\"Alba Medina\"}}]}<\/script>\n<!-- \/ Yoast SEO plugin. -->","yoast_head_json":{"title":"Grado Superior de Marketing: J\u00f3venes Emprendedores 2024","description":"Descubre c\u00f3mo el grado superior de marketing impulsa proyectos innovadores: ganamos los Premios J\u00f3venes Emprendedores de L\u2019Hospitalet 2024.","robots":{"index":"index","follow":"follow","max-snippet":"max-snippet:-1","max-image-preview":"max-image-preview:large","max-video-preview":"max-video-preview:-1"},"canonical":"https:\/\/ciclesformatius.es\/es\/ganamos-a-los-premios-jovenes-emprendedores-de-lhospitalet\/","og_locale":"es_ES","og_type":"article","og_title":"Grado Superior de Marketing: J\u00f3venes Emprendedores 2024","og_description":"Descubre c\u00f3mo el grado superior de marketing impulsa proyectos innovadores: ganamos los Premios J\u00f3venes Emprendedores de L\u2019Hospitalet 2024.","og_url":"https:\/\/ciclesformatius.es\/es\/ganamos-a-los-premios-jovenes-emprendedores-de-lhospitalet\/","og_site_name":"Cicles Formatius Jaume Balmes","article_publisher":"https:\/\/www.facebook.com\/cejaumebalmes","article_published_time":"2024-06-25T07:14:07+00:00","article_modified_time":"2025-12-16T17:45:05+00:00","og_image":[{"width":2560,"height":1440,"url":"https:\/\/ciclesformatius.es\/wp-content\/uploads\/2024\/06\/IMG_9790-scaled.jpg","type":"image\/jpeg"}],"author":"Alba Medina","twitter_card":"summary_large_image","twitter_creator":"@cejaumebalmes","twitter_site":"@cejaumebalmes","twitter_misc":{"Escrito por":"Alba Medina","Tiempo de lectura":"1 minuto"},"schema":{"@context":"https:\/\/schema.org","@graph":[{"@type":"Article","@id":"https:\/\/ciclesformatius.es\/es\/ganamos-a-los-premios-jovenes-emprendedores-de-lhospitalet\/#article","isPartOf":{"@id":"https:\/\/ciclesformatius.es\/es\/ganamos-a-los-premios-jovenes-emprendedores-de-lhospitalet\/"},"author":{"name":"Alba Medina","@id":"https:\/\/ciclesformatius.es\/es\/#\/schema\/person\/3ceae0d42c2a35087d8b3039cb60deda"},"headline":"Ganamos a los premios J\u00f3venes Emprendedores de L&#8217;Hospitalet\u00bb!","datePublished":"2024-06-25T07:14:07+00:00","dateModified":"2025-12-16T17:45:05+00:00","mainEntityOfPage":{"@id":"https:\/\/ciclesformatius.es\/es\/ganamos-a-los-premios-jovenes-emprendedores-de-lhospitalet\/"},"wordCount":145,"commentCount":0,"publisher":{"@id":"https:\/\/ciclesformatius.es\/es\/#organization"},"image":{"@id":"https:\/\/ciclesformatius.es\/es\/ganamos-a-los-premios-jovenes-emprendedores-de-lhospitalet\/#primaryimage"},"thumbnailUrl":"https:\/\/ciclesformatius.es\/wp-content\/uploads\/2024\/06\/IMG_9790-scaled.jpg","keywords":["balmesciclos","formaci\u00f3n profesional","fpbalmes","marketing","marketingypublicidad"],"articleSection":["Marketing"],"inLanguage":"es","potentialAction":[{"@type":"CommentAction","name":"Comment","target":["https:\/\/ciclesformatius.es\/es\/ganamos-a-los-premios-jovenes-emprendedores-de-lhospitalet\/#respond"]}]},{"@type":"WebPage","@id":"https:\/\/ciclesformatius.es\/es\/ganamos-a-los-premios-jovenes-emprendedores-de-lhospitalet\/","url":"https:\/\/ciclesformatius.es\/es\/ganamos-a-los-premios-jovenes-emprendedores-de-lhospitalet\/","name":"Grado Superior de Marketing: J\u00f3venes Emprendedores 2024","isPartOf":{"@id":"https:\/\/ciclesformatius.es\/es\/#website"},"primaryImageOfPage":{"@id":"https:\/\/ciclesformatius.es\/es\/ganamos-a-los-premios-jovenes-emprendedores-de-lhospitalet\/#primaryimage"},"image":{"@id":"https:\/\/ciclesformatius.es\/es\/ganamos-a-los-premios-jovenes-emprendedores-de-lhospitalet\/#primaryimage"},"thumbnailUrl":"https:\/\/ciclesformatius.es\/wp-content\/uploads\/2024\/06\/IMG_9790-scaled.jpg","datePublished":"2024-06-25T07:14:07+00:00","dateModified":"2025-12-16T17:45:05+00:00","description":"Descubre c\u00f3mo el grado superior de marketing impulsa proyectos innovadores: ganamos los Premios J\u00f3venes Emprendedores de L\u2019Hospitalet 2024.","breadcrumb":{"@id":"https:\/\/ciclesformatius.es\/es\/ganamos-a-los-premios-jovenes-emprendedores-de-lhospitalet\/#breadcrumb"},"inLanguage":"es","potentialAction":[{"@type":"ReadAction","target":["https:\/\/ciclesformatius.es\/es\/ganamos-a-los-premios-jovenes-emprendedores-de-lhospitalet\/"]}]},{"@type":"ImageObject","inLanguage":"es","@id":"https:\/\/ciclesformatius.es\/es\/ganamos-a-los-premios-jovenes-emprendedores-de-lhospitalet\/#primaryimage","url":"https:\/\/ciclesformatius.es\/wp-content\/uploads\/2024\/06\/IMG_9790-scaled.jpg","contentUrl":"https:\/\/ciclesformatius.es\/wp-content\/uploads\/2024\/06\/IMG_9790-scaled.jpg","width":2560,"height":1440,"caption":"Cicles Formatius Barcelona"},{"@type":"BreadcrumbList","@id":"https:\/\/ciclesformatius.es\/es\/ganamos-a-los-premios-jovenes-emprendedores-de-lhospitalet\/#breadcrumb","itemListElement":[{"@type":"ListItem","position":1,"name":"Inici","item":"https:\/\/ciclesformatius.es\/es\/inicio\/"},{"@type":"ListItem","position":2,"name":"Ganamos a los premios J\u00f3venes Emprendedores de L&#8217;Hospitalet&#8221;!"}]},{"@type":"WebSite","@id":"https:\/\/ciclesformatius.es\/es\/#website","url":"https:\/\/ciclesformatius.es\/es\/","name":"Cicles Formatius Jaume Balmes","description":"","publisher":{"@id":"https:\/\/ciclesformatius.es\/es\/#organization"},"potentialAction":[{"@type":"SearchAction","target":{"@type":"EntryPoint","urlTemplate":"https:\/\/ciclesformatius.es\/es\/?s={search_term_string}"},"query-input":{"@type":"PropertyValueSpecification","valueRequired":true,"valueName":"search_term_string"}}],"inLanguage":"es"},{"@type":"Organization","@id":"https:\/\/ciclesformatius.es\/es\/#organization","name":"Centre d'Estudis Jaume Balmes","url":"https:\/\/ciclesformatius.es\/es\/","logo":{"@type":"ImageObject","inLanguage":"es","@id":"https:\/\/ciclesformatius.es\/es\/#\/schema\/logo\/image\/","url":"https:\/\/ciclesformatius.es\/wp-content\/uploads\/2023\/01\/balmes-01.svg","contentUrl":"https:\/\/ciclesformatius.es\/wp-content\/uploads\/2023\/01\/balmes-01.svg","caption":"Centre d'Estudis Jaume Balmes"},"image":{"@id":"https:\/\/ciclesformatius.es\/es\/#\/schema\/logo\/image\/"},"sameAs":["https:\/\/www.facebook.com\/cejaumebalmes","https:\/\/x.com\/cejaumebalmes"]},{"@type":"Person","@id":"https:\/\/ciclesformatius.es\/es\/#\/schema\/person\/3ceae0d42c2a35087d8b3039cb60deda","name":"Alba Medina","image":{"@type":"ImageObject","inLanguage":"es","@id":"https:\/\/secure.gravatar.com\/avatar\/a1f456bed3f96b0df1cdf47b5af3103fcc8d9c5970530249d90e9baddc9aaba9?s=96&d=mm&r=g","url":"https:\/\/secure.gravatar.com\/avatar\/a1f456bed3f96b0df1cdf47b5af3103fcc8d9c5970530249d90e9baddc9aaba9?s=96&d=mm&r=g","contentUrl":"https:\/\/secure.gravatar.com\/avatar\/a1f456bed3f96b0df1cdf47b5af3103fcc8d9c5970530249d90e9baddc9aaba9?s=96&d=mm&r=g","caption":"Alba Medina"}}]}},"_links":{"self":[{"href":"https:\/\/ciclesformatius.es\/es\/wp-json\/wp\/v2\/posts\/3888","targetHints":{"allow":["GET"]}}],"collection":[{"href":"https:\/\/ciclesformatius.es\/es\/wp-json\/wp\/v2\/posts"}],"about":[{"href":"https:\/\/ciclesformatius.es\/es\/wp-json\/wp\/v2\/types\/post"}],"author":[{"embeddable":true,"href":"https:\/\/ciclesformatius.es\/es\/wp-json\/wp\/v2\/users\/2"}],"replies":[{"embeddable":true,"href":"https:\/\/ciclesformatius.es\/es\/wp-json\/wp\/v2\/comments?post=3888"}],"version-history":[{"count":3,"href":"https:\/\/ciclesformatius.es\/es\/wp-json\/wp\/v2\/posts\/3888\/revisions"}],"predecessor-version":[{"id":3891,"href":"https:\/\/ciclesformatius.es\/es\/wp-json\/wp\/v2\/posts\/3888\/revisions\/3891"}],"wp:featuredmedia":[{"embeddable":true,"href":"https:\/\/ciclesformatius.es\/es\/wp-json\/wp\/v2\/media\/3743"}],"wp:attachment":[{"href":"https:\/\/ciclesformatius.es\/es\/wp-json\/wp\/v2\/media?parent=3888"}],"wp:term":[{"taxonomy":"category","embeddable":true,"href":"https:\/\/ciclesformatius.es\/es\/wp-json\/wp\/v2\/categories?post=3888"},{"taxonomy":"post_tag","embeddable":true,"href":"https:\/\/ciclesformatius.es\/es\/wp-json\/wp\/v2\/tags?post=3888"}],"curies":[{"name":"wp","href":"https:\/\/api.w.org\/{rel}","templated":true}]}}